{"id":2426,"date":"2020-05-11T17:27:27","date_gmt":"2020-05-11T17:27:27","guid":{"rendered":"https:\/\/radiosucumbios.org.ec\/?p=2426"},"modified":"2020-05-11T17:27:27","modified_gmt":"2020-05-11T17:27:27","slug":"secretaria-tecnica-juventudes-fue-eliminada-decreto-presidencial","status":"publish","type":"post","link":"https:\/\/radiosucumbios.org.ec\/?p=2426","title":{"rendered":"Secretar\u00eda T\u00e9cnica de Juventudes fue eliminada por decreto presidencial"},"content":{"rendered":"<p>El presidente ecuatoriano, Len\u00edn Moreno, decret\u00f3 la eliminaci\u00f3n de la Secretar\u00eda T\u00e9cnica de Juventudes, cuyas funciones pasar\u00e1n al Ministerio de Inclusi\u00f3n Econ\u00f3mica y Social (MIES).<!--more--><\/p>\n<p>\u00abTransfi\u00e9rase la coordinaci\u00f3n, seguimiento, monitor\u00e9o y evaluaci\u00f3n de las pol\u00edticas, estrategias y acciones encaminadas a proteger las derechos de los j\u00f3venes al Ministerio de Inclusi\u00f3n Econ\u00f3mica y Social\u00bb, dice parte del Decreto 1044. El proceso de transici\u00f3n debe durar 30 d\u00edas.<\/p>\n<blockquote class=\"twitter-tweet\">\n<p lang=\"es\" dir=\"ltr\">Tal como lo anunci\u00f3 y dispuso el Presidente <a href=\"https:\/\/twitter.com\/Lenin?ref_src=twsrc%5Etfw\">@Lenin<\/a> en el decreto 1044 estamos trabajando con <a href=\"https:\/\/twitter.com\/InclusionEc?ref_src=twsrc%5Etfw\">@InclusionEc<\/a> y sus autoridades para realizar la supresi\u00f3n de <a href=\"https:\/\/twitter.com\/JuventudesEcu?ref_src=twsrc%5Etfw\">@JuventudesEcu<\/a> asegurando q programas contin\u00faen atendiendo a las personas j\u00f3venes en el <a href=\"https:\/\/twitter.com\/hashtag\/Ecuador?src=hash&amp;ref_src=twsrc%5Etfw\">#Ecuador<\/a> <a href=\"https:\/\/twitter.com\/ottosonnenh?ref_src=twsrc%5Etfw\">@ottosonnenh<\/a> <a href=\"https:\/\/twitter.com\/IvanGrandaM?ref_src=twsrc%5Etfw\">@IvanGrandaM<\/a> <a href=\"https:\/\/t.co\/l4DZ4LamTM\">pic.twitter.com\/l4DZ4LamTM<\/a><\/p>\n<p>&mdash; El\u00edas Tenorio (@eliastenoriom) <a href=\"https:\/\/twitter.com\/eliastenoriom\/status\/1259885523058987010?ref_src=twsrc%5Etfw\">May 11, 2020<\/a><\/p><\/blockquote>\n<p> <script async src=\"https:\/\/platform.twitter.com\/widgets.js\" charset=\"utf-8\"><\/script><br \/>\n&nbsp;<\/p>\n","protected":false},"excerpt":{"rendered":"<p>El presidente ecuatoriano, Len\u00edn Moreno, decret\u00f3 la eliminaci\u00f3n de la Secretar\u00eda T\u00e9cnica de Juventudes, cuyas funciones pasar\u00e1n al Ministerio de Inclusi\u00f3n Econ\u00f3mica y Social (MIES).<\/p>\n","protected":false},"author":1,"featured_media":2428,"comment_status":"open","ping_status":"closed","sticky":false,"template":"","format":"standard","meta":{"footnotes":""},"categories":[3],"tags":[],"class_list":["post-2426","post","type-post","status-publish","format-standard","has-post-thumbnail","hentry","category-noticias"],"_links":{"self":[{"href":"https:\/\/radiosucumbios.org.ec\/index.php?rest_route=\/wp\/v2\/posts\/2426","targetHints":{"allow":["GET"]}}],"collection":[{"href":"https:\/\/radiosucumbios.org.ec\/index.php?rest_route=\/wp\/v2\/posts"}],"about":[{"href":"https:\/\/radiosucumbios.org.ec\/index.php?rest_route=\/wp\/v2\/types\/post"}],"author":[{"embeddable":true,"href":"https:\/\/radiosucumbios.org.ec\/index.php?rest_route=\/wp\/v2\/users\/1"}],"replies":[{"embeddable":true,"href":"https:\/\/radiosucumbios.org.ec\/index.php?rest_route=%2Fwp%2Fv2%2Fcomments&post=2426"}],"version-history":[{"count":1,"href":"https:\/\/radiosucumbios.org.ec\/index.php?rest_route=\/wp\/v2\/posts\/2426\/revisions"}],"predecessor-version":[{"id":2429,"href":"https:\/\/radiosucumbios.org.ec\/index.php?rest_route=\/wp\/v2\/posts\/2426\/revisions\/2429"}],"wp:featuredmedia":[{"embeddable":true,"href":"https:\/\/radiosucumbios.org.ec\/index.php?rest_route=\/wp\/v2\/media\/2428"}],"wp:attachment":[{"href":"https:\/\/radiosucumbios.org.ec\/index.php?rest_route=%2Fwp%2Fv2%2Fmedia&parent=2426"}],"wp:term":[{"taxonomy":"category","embeddable":true,"href":"https:\/\/radiosucumbios.org.ec\/index.php?rest_route=%2Fwp%2Fv2%2Fcategories&post=2426"},{"taxonomy":"post_tag","embeddable":true,"href":"https:\/\/radiosucumbios.org.ec\/index.php?rest_route=%2Fwp%2Fv2%2Ftags&post=2426"}],"curies":[{"name":"wp","href":"https:\/\/api.w.org\/{rel}","templated":true}]}}