{"id":2438,"date":"2020-05-12T13:22:49","date_gmt":"2020-05-12T13:22:49","guid":{"rendered":"https:\/\/radiosucumbios.org.ec\/?p=2438"},"modified":"2020-05-12T13:22:49","modified_gmt":"2020-05-12T13:22:49","slug":"centros-educativos-particulares-se-acogen-la-reduccion-pensiones","status":"publish","type":"post","link":"https:\/\/radiosucumbios.org.ec\/?p=2438","title":{"rendered":"Centros educativos particulares se acogen a la reducci\u00f3n de pensiones"},"content":{"rendered":"<p>Centros educativos particulares de Sucumb\u00edos se acogen a la reducci\u00f3n de pensiones de acuerdo a las disposiciones del Ministerio de Educaci\u00f3n.<\/p>\n<p><!--more--><\/p>\n<p>La Mesa de Educaci\u00f3n de la Asamblea Nacional aprob\u00f3 el pasado 20 de abril del 2020 un texto alternativo respecto a los descuentos para las pensiones escolares, que propuso el Gobierno en la Ley de Apoyo Humanitario, a prop\u00f3sito de la crisis causada por el COVID-19.<\/p>\n<p>La Federaci\u00f3n de Establecimientos Particulares Laicos del Ecuador (Fedepal) plante\u00f3 una reducci\u00f3n proporcional de hasta 15% en el costo de las pensiones en las instituciones educativas particulares y no el 20% de manera general, como lo plante\u00f3 el presidente de la Rep\u00fablica, Lenin Moreno, en el proyecto urgente de Apoyo Humanitario.<\/p>\n<h5>EN LA PROVINCIA DE SUCUMBIOS<\/h5>\n<p>La situaci\u00f3n de los establecimientos educativos particulares se van ajustando a la realidad econ\u00f3mica de los padres de familia y comienza a prepararse para encarar un nuevo a\u00f1o lectivo.<\/p>\n<p>La Unidad Educativa T\u00e9cnica Particular Frederick Taylor no tuvo necesidad de reducir sus pensiones, ya que est\u00e1, por debajo de la tabla autorizada por el Ministerio de Educaci\u00f3n.<\/p>\n<p>Si bien es una instituci\u00f3n que oferta carreras t\u00e9cnicas, tambi\u00e9n tuvieron que acogerse a las medidas por el COVID-19.<\/p>\n<p>Otro de los planteles educativos particulares es la Unidad Educativa Sim\u00f3n Bol\u00edvar, en donde su rectora Cristina G\u00f3mez, indic\u00f3 que est\u00e1n en acercamiento con los padres de familia para analizar sus condiciones y llegar a un acuerdos sobre las pensiones.<\/p>\n","protected":false},"excerpt":{"rendered":"<p>Centros educativos particulares de Sucumb\u00edos se acogen a la reducci\u00f3n de pensiones de acuerdo a las disposiciones del Ministerio de Educaci\u00f3n.<\/p>\n","protected":false},"author":1,"featured_media":2439,"comment_status":"open","ping_status":"closed","sticky":false,"template":"","format":"standard","meta":{"footnotes":""},"categories":[3,5],"tags":[],"class_list":["post-2438","post","type-post","status-publish","format-standard","has-post-thumbnail","hentry","category-noticias","category-sucumbios"],"_links":{"self":[{"href":"https:\/\/radiosucumbios.org.ec\/index.php?rest_route=\/wp\/v2\/posts\/2438","targetHints":{"allow":["GET"]}}],"collection":[{"href":"https:\/\/radiosucumbios.org.ec\/index.php?rest_route=\/wp\/v2\/posts"}],"about":[{"href":"https:\/\/radiosucumbios.org.ec\/index.php?rest_route=\/wp\/v2\/types\/post"}],"author":[{"embeddable":true,"href":"https:\/\/radiosucumbios.org.ec\/index.php?rest_route=\/wp\/v2\/users\/1"}],"replies":[{"embeddable":true,"href":"https:\/\/radiosucumbios.org.ec\/index.php?rest_route=%2Fwp%2Fv2%2Fcomments&post=2438"}],"version-history":[{"count":1,"href":"https:\/\/radiosucumbios.org.ec\/index.php?rest_route=\/wp\/v2\/posts\/2438\/revisions"}],"predecessor-version":[{"id":2441,"href":"https:\/\/radiosucumbios.org.ec\/index.php?rest_route=\/wp\/v2\/posts\/2438\/revisions\/2441"}],"wp:featuredmedia":[{"embeddable":true,"href":"https:\/\/radiosucumbios.org.ec\/index.php?rest_route=\/wp\/v2\/media\/2439"}],"wp:attachment":[{"href":"https:\/\/radiosucumbios.org.ec\/index.php?rest_route=%2Fwp%2Fv2%2Fmedia&parent=2438"}],"wp:term":[{"taxonomy":"category","embeddable":true,"href":"https:\/\/radiosucumbios.org.ec\/index.php?rest_route=%2Fwp%2Fv2%2Fcategories&post=2438"},{"taxonomy":"post_tag","embeddable":true,"href":"https:\/\/radiosucumbios.org.ec\/index.php?rest_route=%2Fwp%2Fv2%2Ftags&post=2438"}],"curies":[{"name":"wp","href":"https:\/\/api.w.org\/{rel}","templated":true}]}}