{"id":2464,"date":"2020-05-18T22:21:53","date_gmt":"2020-05-18T22:21:53","guid":{"rendered":"https:\/\/radiosucumbios.org.ec\/?p=2464"},"modified":"2020-05-18T22:21:53","modified_gmt":"2020-05-18T22:21:53","slug":"fallece-waorani-sintomatologia-covid-19","status":"publish","type":"post","link":"https:\/\/radiosucumbios.org.ec\/?p=2464","title":{"rendered":"Fallece Waorani con sintomatolog\u00eda de covid-19"},"content":{"rendered":"<p>La muerte del Pikenani Carlos Bay Ima, guerrero de la comunidad Waorani de Bataburo, deja un profundo dolor para esta nacionalidad y el movimiento ind\u00edgena.<!--more--><\/p>\n<p>La organizaci\u00f3n de la Nacionalidad Waorani del Ecuador NAWE en un comunicado denunci\u00f3 la muerte del primer Waorani con sintomatolog\u00edas asociado a covid-19.<\/p>\n<p>El comunicado dice lo siguiente:<\/p>\n<p>La muerte de nuestro Pikenani Carlos Bay &#8216;ma, guerrero de la comunidad Waorani de Bataburo, deja un profundo dolor en nuestra Nacionalidad. Con \u00e9l, se fue una parte importante del conocimiento de nuestra cultura. Su lucha por la protecci\u00f3n del territorio nos llevar\u00e1 a grandes recuerdos.<\/p>\n<p>Denunciamos el olvido del Estado ecuatoriano con relaci\u00f3n a las urgencias y los riesgos que enfrentamos los<\/p>\n<p>Pueblos y las Nacionalidades Ind\u00edgenas. Hist\u00f3ricamente, hemos sufrido la colonizaci\u00f3n que inici\u00f3 hace m\u00e1s de 525 a\u00f1os. A diario, enfrentamos la pobreza, la exclusi\u00f3n, la discriminaci\u00f3n. En general, la violencia estructural.<\/p>\n<p>En nuestro caso, como Nacionalidad Waorani, la negligencia nos pone ahora en riesgo inminente de exterminio f\u00edsico y cultural. Las y los Pikenani sostienen la selva, la cultivan e intervienen en armon\u00eda con\u00a0 otras especies con las que cohabitan; en cambio, el Estado aparece solamente cuando necesita los recursos naturales que se encuentran en nuestro territorio.<\/p>\n<p>El Estado y las empresas extractivas invaden nuestros territorios ancestrales, atentan y, en muchos casos, destruyen nuestras formas de vida, nos hostigan y encarcelan.<\/p>\n<p>Insistimos en la responsabilidad del Estado de evitar que lloremos m\u00e1s muertes de nuestros Pikenani y de otras y otros hermanos Waorani; as\u00ed como de proteger a los pueblos en aislamiento voluntario.<\/p>\n<p>Finalmente, reiteramos nuestro pesar sobre el fallecimiento de nuestro Pikenani y guerrero, Carlos Bay Ima, a la vez que confiamos en que su alma regresar\u00e1 con poder de Jaguar a la selva.<\/p>\n","protected":false},"excerpt":{"rendered":"<p>La muerte del Pikenani Carlos Bay Ima, guerrero de la comunidad Waorani de Bataburo, deja un profundo dolor para esta nacionalidad y el movimiento ind\u00edgena.<\/p>\n","protected":false},"author":1,"featured_media":2465,"comment_status":"open","ping_status":"closed","sticky":false,"template":"","format":"standard","meta":{"footnotes":""},"categories":[3,6],"tags":[],"class_list":["post-2464","post","type-post","status-publish","format-standard","has-post-thumbnail","hentry","category-noticias","category-orellana"],"_links":{"self":[{"href":"https:\/\/radiosucumbios.org.ec\/index.php?rest_route=\/wp\/v2\/posts\/2464","targetHints":{"allow":["GET"]}}],"collection":[{"href":"https:\/\/radiosucumbios.org.ec\/index.php?rest_route=\/wp\/v2\/posts"}],"about":[{"href":"https:\/\/radiosucumbios.org.ec\/index.php?rest_route=\/wp\/v2\/types\/post"}],"author":[{"embeddable":true,"href":"https:\/\/radiosucumbios.org.ec\/index.php?rest_route=\/wp\/v2\/users\/1"}],"replies":[{"embeddable":true,"href":"https:\/\/radiosucumbios.org.ec\/index.php?rest_route=%2Fwp%2Fv2%2Fcomments&post=2464"}],"version-history":[{"count":1,"href":"https:\/\/radiosucumbios.org.ec\/index.php?rest_route=\/wp\/v2\/posts\/2464\/revisions"}],"predecessor-version":[{"id":2466,"href":"https:\/\/radiosucumbios.org.ec\/index.php?rest_route=\/wp\/v2\/posts\/2464\/revisions\/2466"}],"wp:featuredmedia":[{"embeddable":true,"href":"https:\/\/radiosucumbios.org.ec\/index.php?rest_route=\/wp\/v2\/media\/2465"}],"wp:attachment":[{"href":"https:\/\/radiosucumbios.org.ec\/index.php?rest_route=%2Fwp%2Fv2%2Fmedia&parent=2464"}],"wp:term":[{"taxonomy":"category","embeddable":true,"href":"https:\/\/radiosucumbios.org.ec\/index.php?rest_route=%2Fwp%2Fv2%2Fcategories&post=2464"},{"taxonomy":"post_tag","embeddable":true,"href":"https:\/\/radiosucumbios.org.ec\/index.php?rest_route=%2Fwp%2Fv2%2Ftags&post=2464"}],"curies":[{"name":"wp","href":"https:\/\/api.w.org\/{rel}","templated":true}]}}