{"id":2482,"date":"2020-05-25T16:58:43","date_gmt":"2020-05-25T16:58:43","guid":{"rendered":"https:\/\/radiosucumbios.org.ec\/?p=2482"},"modified":"2020-05-25T16:59:30","modified_gmt":"2020-05-25T16:59:30","slug":"movilizaciones-nueva-loja-protesta-la-ley-apoyo-humanitario","status":"publish","type":"post","link":"https:\/\/radiosucumbios.org.ec\/?p=2482","title":{"rendered":"Movilizaciones en Nueva Loja como protesta por la Ley de Apoyo Humanitario"},"content":{"rendered":"<div class=\"\" data-block=\"true\" data-editor=\"bso8u\" data-offset-key=\"7ld24-0-0\">\n<div class=\"_1mf _1mj\" data-offset-key=\"7ld24-0-0\">\n<p>En Lago Agrio varios trabajadores y ciudadan\u00eda protestan por las medidas econ\u00f3micas de Lenin Moreno presidente de la rep\u00fablica de Ecuador<\/p>\n<\/div>\n<\/div>\n<p><!--more--><\/p>\n<div class=\"\" data-block=\"true\" data-editor=\"bso8u\" data-offset-key=\"bv521-0-0\">\n<div class=\"_1mf _1mj\" data-offset-key=\"bv521-0-0\"><span data-offset-key=\"bv521-0-0\">Esta este 25 de mayo en la ciudad de Nueva Loja, cant\u00f3n Lago Agrio provincia de Sucumb\u00edos, varios trabajadores y ciudadan\u00eda se movilizaron hasta las instalaciones del Centro de Atenci\u00f3n Ciudadano para ser escuchados por el Gobernador de la provincia.<\/span><\/div>\n<\/div>\n<div class=\"\" data-block=\"true\" data-editor=\"bso8u\" data-offset-key=\"49jjd-0-0\">\n<div class=\"_1mf _1mj\" data-offset-key=\"49jjd-0-0\"><span data-offset-key=\"49jjd-0-0\">\u00a0<\/span><\/div>\n<\/div>\n<div class=\"\" data-block=\"true\" data-editor=\"bso8u\" data-offset-key=\"4nve8-0-0\">\n<div class=\"_1mf _1mj\" data-offset-key=\"4nve8-0-0\"><span data-offset-key=\"4nve8-0-0\">Rechazan la Ley de Apoyo Humanitario porque consideran que vulneran los derechos de los trabajadores.<\/span><\/div>\n<\/div>\n<div class=\"\" data-block=\"true\" data-editor=\"bso8u\" data-offset-key=\"141t7-0-0\">\n<div class=\"_1mf _1mj\" data-offset-key=\"141t7-0-0\"><span data-offset-key=\"141t7-0-0\">\u00a0<\/span><\/div>\n<\/div>\n<div class=\"\" data-block=\"true\" data-editor=\"bso8u\" data-offset-key=\"48jjb-0-0\">\n<div class=\"_1mf _1mj\" data-offset-key=\"48jjb-0-0\"><span data-offset-key=\"48jjb-0-0\">Entregaron por escrito a un delegado del despacho de gobernaci\u00f3n su rechazo.<\/span><\/div>\n<\/div>\n","protected":false},"excerpt":{"rendered":"<p>En Lago Agrio varios trabajadores y ciudadan\u00eda protestan por las medidas econ\u00f3micas de Lenin Moreno presidente de la rep\u00fablica de Ecuador<\/p>\n","protected":false},"author":1,"featured_media":2483,"comment_status":"open","ping_status":"closed","sticky":false,"template":"","format":"standard","meta":{"footnotes":""},"categories":[3,5],"tags":[],"class_list":["post-2482","post","type-post","status-publish","format-standard","has-post-thumbnail","hentry","category-noticias","category-sucumbios"],"_links":{"self":[{"href":"https:\/\/radiosucumbios.org.ec\/index.php?rest_route=\/wp\/v2\/posts\/2482","targetHints":{"allow":["GET"]}}],"collection":[{"href":"https:\/\/radiosucumbios.org.ec\/index.php?rest_route=\/wp\/v2\/posts"}],"about":[{"href":"https:\/\/radiosucumbios.org.ec\/index.php?rest_route=\/wp\/v2\/types\/post"}],"author":[{"embeddable":true,"href":"https:\/\/radiosucumbios.org.ec\/index.php?rest_route=\/wp\/v2\/users\/1"}],"replies":[{"embeddable":true,"href":"https:\/\/radiosucumbios.org.ec\/index.php?rest_route=%2Fwp%2Fv2%2Fcomments&post=2482"}],"version-history":[{"count":2,"href":"https:\/\/radiosucumbios.org.ec\/index.php?rest_route=\/wp\/v2\/posts\/2482\/revisions"}],"predecessor-version":[{"id":2485,"href":"https:\/\/radiosucumbios.org.ec\/index.php?rest_route=\/wp\/v2\/posts\/2482\/revisions\/2485"}],"wp:featuredmedia":[{"embeddable":true,"href":"https:\/\/radiosucumbios.org.ec\/index.php?rest_route=\/wp\/v2\/media\/2483"}],"wp:attachment":[{"href":"https:\/\/radiosucumbios.org.ec\/index.php?rest_route=%2Fwp%2Fv2%2Fmedia&parent=2482"}],"wp:term":[{"taxonomy":"category","embeddable":true,"href":"https:\/\/radiosucumbios.org.ec\/index.php?rest_route=%2Fwp%2Fv2%2Fcategories&post=2482"},{"taxonomy":"post_tag","embeddable":true,"href":"https:\/\/radiosucumbios.org.ec\/index.php?rest_route=%2Fwp%2Fv2%2Ftags&post=2482"}],"curies":[{"name":"wp","href":"https:\/\/api.w.org\/{rel}","templated":true}]}}