{"id":2514,"date":"2020-06-03T16:33:07","date_gmt":"2020-06-03T16:33:07","guid":{"rendered":"https:\/\/radiosucumbios.org.ec\/?p=2514"},"modified":"2020-06-03T16:33:07","modified_gmt":"2020-06-03T16:33:07","slug":"petroecuador-suspendio-bombeo-petroleo-sector-san-rafael","status":"publish","type":"post","link":"https:\/\/radiosucumbios.org.ec\/?p=2514","title":{"rendered":"Petroecuador suspendi\u00f3 el bombeo de petr\u00f3leo en el sector de San Rafael"},"content":{"rendered":"<p>Petroecuador en un comunicado inform\u00f3 sobre la suspensi\u00f3n de bombeo de petr\u00f3leo en el sector de San Rafael<!--more--><\/p>\n<p>Desde las 00:00 de este 03 de junio de 2020, el Sistema de Oleoducto Transecuatoriano (SOTE) paraliz\u00f3 sus operaciones de bombeo, debido a que la erosi\u00f3n en el R\u00edo Quijos (Alto Coca) ha provocado un nuevo socav\u00f3n, poniendo en riesgo la integridad de la tuber\u00eda cercana a la desembocadura del r\u00edo Montana, en la provincia de Napo, sector San Rafael, l\u00edmite con la provincia de Sucumb\u00edos.<\/p>\n<p>Pablo Flores, gerente General de EP Petroecuador, afirm\u00f3 que esta suspensi\u00f3n \u201cevitar\u00e1 cualquier afectaci\u00f3n ambiental en caso de presentarse una nueva rotura del SOTE a causa del avance de la erosi\u00f3n regresiva. De igual forma, con esta decisi\u00f3n precautelamos la integridad del personal de la empresa p\u00fablica\u201d.<\/p>\n<p>Tras la suspensi\u00f3n de las operaciones de bombeo, se obtur\u00f3 con \u00e9xito la tuber\u00eda del SOTE ubicada en el sector de San Rafael, con 1.400 metros de longitud aproximadamente, y durante madrugada de 03 de junio se dren\u00f3 el crudo con el uso autotanques, para ser transferido a la estaci\u00f3n de Baeza.<\/p>\n<p>El Gerente General de EP Petroecuador anunci\u00f3 tambi\u00e9n que la suspensi\u00f3n del bombeo del SOTE ser\u00e1 hasta que concluyan los trabajos de construcci\u00f3n de la variante, que hasta el momento tienen un avance del 62% y se estima que finalicen en los pr\u00f3ximos d\u00edas. Flores puntualiz\u00f3 que \u201ccon el actual stock de crudo en el Terminal Balao la programaci\u00f3n de las exportaciones no se ver\u00e1 afectada por la suspensi\u00f3n\u201d.<\/p>\n","protected":false},"excerpt":{"rendered":"<p>Petroecuador en un comunicado inform\u00f3 sobre la suspensi\u00f3n de bombeo de petr\u00f3leo en el sector de San Rafael<\/p>\n","protected":false},"author":1,"featured_media":2515,"comment_status":"open","ping_status":"closed","sticky":false,"template":"","format":"standard","meta":{"footnotes":""},"categories":[3,5],"tags":[],"class_list":["post-2514","post","type-post","status-publish","format-standard","has-post-thumbnail","hentry","category-noticias","category-sucumbios"],"_links":{"self":[{"href":"https:\/\/radiosucumbios.org.ec\/index.php?rest_route=\/wp\/v2\/posts\/2514","targetHints":{"allow":["GET"]}}],"collection":[{"href":"https:\/\/radiosucumbios.org.ec\/index.php?rest_route=\/wp\/v2\/posts"}],"about":[{"href":"https:\/\/radiosucumbios.org.ec\/index.php?rest_route=\/wp\/v2\/types\/post"}],"author":[{"embeddable":true,"href":"https:\/\/radiosucumbios.org.ec\/index.php?rest_route=\/wp\/v2\/users\/1"}],"replies":[{"embeddable":true,"href":"https:\/\/radiosucumbios.org.ec\/index.php?rest_route=%2Fwp%2Fv2%2Fcomments&post=2514"}],"version-history":[{"count":1,"href":"https:\/\/radiosucumbios.org.ec\/index.php?rest_route=\/wp\/v2\/posts\/2514\/revisions"}],"predecessor-version":[{"id":2516,"href":"https:\/\/radiosucumbios.org.ec\/index.php?rest_route=\/wp\/v2\/posts\/2514\/revisions\/2516"}],"wp:featuredmedia":[{"embeddable":true,"href":"https:\/\/radiosucumbios.org.ec\/index.php?rest_route=\/wp\/v2\/media\/2515"}],"wp:attachment":[{"href":"https:\/\/radiosucumbios.org.ec\/index.php?rest_route=%2Fwp%2Fv2%2Fmedia&parent=2514"}],"wp:term":[{"taxonomy":"category","embeddable":true,"href":"https:\/\/radiosucumbios.org.ec\/index.php?rest_route=%2Fwp%2Fv2%2Fcategories&post=2514"},{"taxonomy":"post_tag","embeddable":true,"href":"https:\/\/radiosucumbios.org.ec\/index.php?rest_route=%2Fwp%2Fv2%2Ftags&post=2514"}],"curies":[{"name":"wp","href":"https:\/\/api.w.org\/{rel}","templated":true}]}}