{"id":2564,"date":"2020-06-25T11:56:25","date_gmt":"2020-06-25T11:56:25","guid":{"rendered":"https:\/\/radiosucumbios.org.ec\/?p=2564"},"modified":"2020-06-25T11:56:25","modified_gmt":"2020-06-25T11:56:25","slug":"lluvias-afecto-la-via-une-sucumbios-carchi","status":"publish","type":"post","link":"https:\/\/radiosucumbios.org.ec\/?p=2564","title":{"rendered":"Lluvias afect\u00f3 la v\u00eda que une a Sucumb\u00edos con Carchi"},"content":{"rendered":"<p>La principal v\u00eda que une a las provincia de Sucumb\u00edos y Carchi, se encuentra afectada por los constantes derrumbes producto del invierno que azota en estas \u00faltimas semanas.<!--more--><\/p>\n<p>Las autoridades municipales del cant\u00f3n Sucumb\u00edos han puesto todo su equipamiento sin embargo no es suficiente.<\/p>\n<p>El mantenimiento de esta v\u00eda, luego de la lucha de los ciudadanos y ciudadanas el a\u00f1o anterior, se logr\u00f3 que el Ministerio de Transportes y Obras Publicas asigne 10 millones de d\u00f3lares para dichos trabajos, sin embargo, debido a la emergencia sanitaria por el COVID-19, la empresa Herdoiza Crespo que tiene a cargo el mantenimiento sali\u00f3 del lugar.<\/p>\n<p>El Ingeniero Gerardo Bustos, Director del Departamento de Obras P\u00fablicas del Gobierno Municipal de Sucumb\u00edos, se\u00f1al\u00f3 que el sector est\u00e1 considerado como una zona monta\u00f1osa y en estas \u00e9pocas del a\u00f1o siempre son perjudicados por las constantes lluvias y en este a\u00f1o no es la excepci\u00f3n, pero ahora por la Emergencia Sanitaria son m\u00e1s afectados.<\/p>\n<p>Este sistema vial, es de competencia exclusiva del Ministerio de Transportes y Obras P\u00fablicas, pero en vista que no est\u00e1n realizando ning\u00fan trabajo y la v\u00eda est\u00e1 muy afectada la municipalidad tiene que afrontar.<\/p>\n","protected":false},"excerpt":{"rendered":"<p>La principal v\u00eda que une a las provincia de Sucumb\u00edos y Carchi, se encuentra afectada por los constantes derrumbes producto del invierno que azota en estas \u00faltimas semanas.<\/p>\n","protected":false},"author":1,"featured_media":2565,"comment_status":"open","ping_status":"closed","sticky":false,"template":"","format":"standard","meta":{"footnotes":""},"categories":[3,5],"tags":[],"class_list":["post-2564","post","type-post","status-publish","format-standard","has-post-thumbnail","hentry","category-noticias","category-sucumbios"],"_links":{"self":[{"href":"https:\/\/radiosucumbios.org.ec\/index.php?rest_route=\/wp\/v2\/posts\/2564","targetHints":{"allow":["GET"]}}],"collection":[{"href":"https:\/\/radiosucumbios.org.ec\/index.php?rest_route=\/wp\/v2\/posts"}],"about":[{"href":"https:\/\/radiosucumbios.org.ec\/index.php?rest_route=\/wp\/v2\/types\/post"}],"author":[{"embeddable":true,"href":"https:\/\/radiosucumbios.org.ec\/index.php?rest_route=\/wp\/v2\/users\/1"}],"replies":[{"embeddable":true,"href":"https:\/\/radiosucumbios.org.ec\/index.php?rest_route=%2Fwp%2Fv2%2Fcomments&post=2564"}],"version-history":[{"count":1,"href":"https:\/\/radiosucumbios.org.ec\/index.php?rest_route=\/wp\/v2\/posts\/2564\/revisions"}],"predecessor-version":[{"id":2566,"href":"https:\/\/radiosucumbios.org.ec\/index.php?rest_route=\/wp\/v2\/posts\/2564\/revisions\/2566"}],"wp:featuredmedia":[{"embeddable":true,"href":"https:\/\/radiosucumbios.org.ec\/index.php?rest_route=\/wp\/v2\/media\/2565"}],"wp:attachment":[{"href":"https:\/\/radiosucumbios.org.ec\/index.php?rest_route=%2Fwp%2Fv2%2Fmedia&parent=2564"}],"wp:term":[{"taxonomy":"category","embeddable":true,"href":"https:\/\/radiosucumbios.org.ec\/index.php?rest_route=%2Fwp%2Fv2%2Fcategories&post=2564"},{"taxonomy":"post_tag","embeddable":true,"href":"https:\/\/radiosucumbios.org.ec\/index.php?rest_route=%2Fwp%2Fv2%2Ftags&post=2564"}],"curies":[{"name":"wp","href":"https:\/\/api.w.org\/{rel}","templated":true}]}}