{"id":2571,"date":"2020-07-08T11:52:10","date_gmt":"2020-07-08T11:52:10","guid":{"rendered":"https:\/\/radiosucumbios.org.ec\/?p=2571"},"modified":"2020-07-08T11:52:10","modified_gmt":"2020-07-08T11:52:10","slug":"habitantes-del-recinto-san-francisco-jambeli-esperan-mejoramiento-la-via","status":"publish","type":"post","link":"https:\/\/radiosucumbios.org.ec\/?p=2571","title":{"rendered":"Habitantes del recinto San Francisco &#8211; Jambel\u00ed esperan el mejoramiento de la v\u00eda"},"content":{"rendered":"<p>Habitantes del recinto San Francisco de la parroquia Jambel\u00ed del cant\u00f3n Lago Agrio provincia de Sucumb\u00edos esperan terminen el mejoramiento de la v\u00eda de acceso a la comunidad.<!--more--><\/p>\n<p>Con una extensi\u00f3n de aproximadamente un kil\u00f3metro de lastrado de la v\u00eda en la comunidad San Francisco con direcci\u00f3n al sector de Abd\u00f3n Calder\u00f3n, mejorar\u00eda las condiciones para los habitantes del sector que en este tiempo invernal se ven m\u00e1s afectados para sacar sus productos.<\/p>\n<p>Los trabajos de mejoramiento y lastrado de la v\u00eda, se inici\u00f3 la semana anterior por parte del Gobierno Provincial de Sucumb\u00edos en coordinaci\u00f3n con las autoridades y la dirigencia de la parroquia Jambel\u00ed.<\/p>\n<p>Luis Goyes, presidente del Gobierno Parroquial de Jambel\u00ed, se\u00f1al\u00f3 que son tres las comunidades que ser\u00e1n beneficiar\u00edan directamente de la obra de apertura y lastrado de la v\u00eda.<\/p>\n<p>Esto mejorar\u00e1 para que los agricultores puedan sacar los productos con seguridad, lo que no han podido hacer por a\u00f1os.<\/p>\n<p>Juanito Caguana, presidente del recinto San Francisco, se\u00f1al\u00f3 que se han realizado constantemente las gestiones para que hagan los trabajos de mejoramiento y lastrado de la v\u00eda, pero no fuimos escuchados por las autoridades de turno, indic\u00f3.<\/p>\n<p>Con la apertura de un kil\u00f3metro de v\u00eda no se soluciona toda necesidad de las comunidades que est\u00e1n ubicadas en sector, pero de a poco las autoridades deben realizar ya que es de gran necesidad para el desarrollo de del sector que por cierto es muy productivo.<\/p>\n","protected":false},"excerpt":{"rendered":"<p>Habitantes del recinto San Francisco de la parroquia Jambel\u00ed del cant\u00f3n Lago Agrio provincia de Sucumb\u00edos esperan terminen el mejoramiento de la v\u00eda de acceso a la comunidad.<\/p>\n","protected":false},"author":1,"featured_media":2572,"comment_status":"open","ping_status":"closed","sticky":false,"template":"","format":"standard","meta":{"footnotes":""},"categories":[58,5],"tags":[],"class_list":["post-2571","post","type-post","status-publish","format-standard","has-post-thumbnail","hentry","category-comunidad","category-sucumbios"],"_links":{"self":[{"href":"https:\/\/radiosucumbios.org.ec\/index.php?rest_route=\/wp\/v2\/posts\/2571","targetHints":{"allow":["GET"]}}],"collection":[{"href":"https:\/\/radiosucumbios.org.ec\/index.php?rest_route=\/wp\/v2\/posts"}],"about":[{"href":"https:\/\/radiosucumbios.org.ec\/index.php?rest_route=\/wp\/v2\/types\/post"}],"author":[{"embeddable":true,"href":"https:\/\/radiosucumbios.org.ec\/index.php?rest_route=\/wp\/v2\/users\/1"}],"replies":[{"embeddable":true,"href":"https:\/\/radiosucumbios.org.ec\/index.php?rest_route=%2Fwp%2Fv2%2Fcomments&post=2571"}],"version-history":[{"count":1,"href":"https:\/\/radiosucumbios.org.ec\/index.php?rest_route=\/wp\/v2\/posts\/2571\/revisions"}],"predecessor-version":[{"id":2573,"href":"https:\/\/radiosucumbios.org.ec\/index.php?rest_route=\/wp\/v2\/posts\/2571\/revisions\/2573"}],"wp:featuredmedia":[{"embeddable":true,"href":"https:\/\/radiosucumbios.org.ec\/index.php?rest_route=\/wp\/v2\/media\/2572"}],"wp:attachment":[{"href":"https:\/\/radiosucumbios.org.ec\/index.php?rest_route=%2Fwp%2Fv2%2Fmedia&parent=2571"}],"wp:term":[{"taxonomy":"category","embeddable":true,"href":"https:\/\/radiosucumbios.org.ec\/index.php?rest_route=%2Fwp%2Fv2%2Fcategories&post=2571"},{"taxonomy":"post_tag","embeddable":true,"href":"https:\/\/radiosucumbios.org.ec\/index.php?rest_route=%2Fwp%2Fv2%2Ftags&post=2571"}],"curies":[{"name":"wp","href":"https:\/\/api.w.org\/{rel}","templated":true}]}}