{"id":2576,"date":"2020-07-08T12:54:50","date_gmt":"2020-07-08T12:54:50","guid":{"rendered":"https:\/\/radiosucumbios.org.ec\/?p=2576"},"modified":"2020-07-08T12:54:50","modified_gmt":"2020-07-08T12:54:50","slug":"organizaciones-sociales-anuncian-movilizaciones-16-julio","status":"publish","type":"post","link":"https:\/\/radiosucumbios.org.ec\/?p=2576","title":{"rendered":"Organizaciones sociales anuncian movilizaciones para el 16 de julio"},"content":{"rendered":"<p>Organizaciones sociales y gremios de trabajadores del pa\u00eds anuncian movilizaciones para el 16 de julio del 2020.<\/p>\n<p><!--more--><\/p>\n<p>Dirigentes del Frente Unitario de Trabajadores, FUT, asegur\u00f3 que varias organizaciones sociales a nivel nacional se sumar\u00e1n a las movilizaciones, adem\u00e1s, indicaron, que ingresar\u00e1n alrededor de siete demandas de inconstitucionalidad, en contra de la Ley Humanitaria que el Legislativo aprob\u00f3 para enfrentar la crisis econ\u00f3mica y social derivada de la pandemia del COVID-19.<\/p>\n<p>Dirigentes nacionales en la reuni\u00f3n del 29 de junio denunci\u00f3 que hay m\u00e1s de 200 mil personas despedidas en el contexto de la pandemia, lo que acarrear\u00e1 que dejen de ingresar 300 millones de d\u00f3lares al Instituto Ecuatoriano de Seguro Social, IESS, estas ser\u00edan las causas para salir a las movilizaciones el pr\u00f3ximo 16 de julio.<\/p>\n<p>Ignacio Condoy, dirigente del Frente Popular de Sucumb\u00edos, se\u00f1al\u00f3 que durante los plantones que se realizaron en el mes de mayo se anunci\u00f3 que esto ser\u00eda progresivo, a la espera que el Gobierno escuche, sin embargo, esto no ha sucedido y saldr\u00e1n a las manifestaciones que ser\u00e1 a nivel nacional.<\/p>\n<p>Desde la dirigencia nacional se hizo una evaluaci\u00f3n del accionar del presidente del Consejo Directivo del IESS y se concluy\u00f3 que no tienen el perfil para estar al frente de la instituci\u00f3n por lo que se pide la salida ante las \u00faltimas acciones que desfavorece a los afiliados, indic\u00f3 el dirigente.<\/p>\n<p>Sobre la renuncia del Vicepresidente del Rep\u00fablica, el dirigente del Frente Popular de Sucumb\u00edos, considera que son c\u00e1lculos pol\u00edticos para las pr\u00f3ximas elecciones, a eso suma la incapacidad para solucionar los problemas que se presentaron por la pandemia del COVID-19.<\/p>\n","protected":false},"excerpt":{"rendered":"<p>Organizaciones sociales y gremios de trabajadores del pa\u00eds anuncian movilizaciones para el 16 de julio del 2020.<\/p>\n","protected":false},"author":1,"featured_media":2577,"comment_status":"open","ping_status":"closed","sticky":false,"template":"","format":"standard","meta":{"footnotes":""},"categories":[3,5],"tags":[],"class_list":["post-2576","post","type-post","status-publish","format-standard","has-post-thumbnail","hentry","category-noticias","category-sucumbios"],"_links":{"self":[{"href":"https:\/\/radiosucumbios.org.ec\/index.php?rest_route=\/wp\/v2\/posts\/2576","targetHints":{"allow":["GET"]}}],"collection":[{"href":"https:\/\/radiosucumbios.org.ec\/index.php?rest_route=\/wp\/v2\/posts"}],"about":[{"href":"https:\/\/radiosucumbios.org.ec\/index.php?rest_route=\/wp\/v2\/types\/post"}],"author":[{"embeddable":true,"href":"https:\/\/radiosucumbios.org.ec\/index.php?rest_route=\/wp\/v2\/users\/1"}],"replies":[{"embeddable":true,"href":"https:\/\/radiosucumbios.org.ec\/index.php?rest_route=%2Fwp%2Fv2%2Fcomments&post=2576"}],"version-history":[{"count":1,"href":"https:\/\/radiosucumbios.org.ec\/index.php?rest_route=\/wp\/v2\/posts\/2576\/revisions"}],"predecessor-version":[{"id":2578,"href":"https:\/\/radiosucumbios.org.ec\/index.php?rest_route=\/wp\/v2\/posts\/2576\/revisions\/2578"}],"wp:featuredmedia":[{"embeddable":true,"href":"https:\/\/radiosucumbios.org.ec\/index.php?rest_route=\/wp\/v2\/media\/2577"}],"wp:attachment":[{"href":"https:\/\/radiosucumbios.org.ec\/index.php?rest_route=%2Fwp%2Fv2%2Fmedia&parent=2576"}],"wp:term":[{"taxonomy":"category","embeddable":true,"href":"https:\/\/radiosucumbios.org.ec\/index.php?rest_route=%2Fwp%2Fv2%2Fcategories&post=2576"},{"taxonomy":"post_tag","embeddable":true,"href":"https:\/\/radiosucumbios.org.ec\/index.php?rest_route=%2Fwp%2Fv2%2Ftags&post=2576"}],"curies":[{"name":"wp","href":"https:\/\/api.w.org\/{rel}","templated":true}]}}