{"id":2595,"date":"2020-07-14T22:36:18","date_gmt":"2020-07-14T22:36:18","guid":{"rendered":"https:\/\/radiosucumbios.org.ec\/?p=2595"},"modified":"2020-07-14T22:38:18","modified_gmt":"2020-07-14T22:38:18","slug":"hospital-marco-vinicio-iza-se-incremento-numero-fallecidos","status":"publish","type":"post","link":"https:\/\/radiosucumbios.org.ec\/?p=2595","title":{"rendered":"En Hospital Marco Vinicio Iza se increment\u00f3 el n\u00famero de fallecidos"},"content":{"rendered":"<p>Fernando Salazar\u00a0gerente del Hospital Marco Vinivio Iza inform\u00f3 que existen 30 m\u00e9dicos que dieron positivos a prueba PCR y se encuentran aislados<!--more--><\/p>\n<p>Salazar dice que el Hospital colapsar\u00e1 por falta de talento humano ya que la demanda de pacientes covid-19 es de toda la provincia de\u00a0 Sucumb\u00edos y Orellana, e indic\u00f3 tambi\u00e9n que si la frontera estuviera abierta habr\u00eda paciente de Colombia.<\/p>\n<div class=\"text_exposed_show\">\n<p>La Unidad de Cuidados Intensivos del Hospital ya no tiene camas, existe 12 personas conectadas a ventiladores mec\u00e1nicos y existen m\u00e1s pacientes covid-19 que requieren ser entubados.<\/p>\n<p>En las \u00faltimas 72 horas en el hospital Marco Vinicio Iza se habr\u00eda incrementado el n\u00famero de fallecidos, esto debido que, a la casa de salud est\u00e1n llegando pacientes con otras patolog\u00edas u otras enfermedades y por su estado cr\u00edtico fallecen.<\/p>\n<\/div>\n<p>Otra de las preocupaciones de las autoridades de salud, es que el personal m\u00e9dico se sigue contagiando, y algunos se encuentran en estado cr\u00edtico, esto reduce la capacidad de atenci\u00f3n por falta de talento humano.<\/p>\n<div class=\"text_exposed_show\">\n<p>Los profesionales afectados por covid-19, no son solo quienes prestan su servicio en el hospital, tambi\u00e9n han llegado m\u00e9dicos que trabajan en los centros de salud de la localidad e incluso se encuentran en terapia intensiva<\/p>\n<h5>Cifras relacionadas a la pandemia del covid-19 en el Hospital de Nueva Loja.<\/h5>\n<p>287 casos positivos<br \/>\n87 recuperados<br \/>\n30 fallecidos confirmados<br \/>\n40 fallecidos por sospecha.<\/p>\n<\/div>\n<p>En la reuni\u00f3n del COE Cantonal de Lago Agrio el concejal Burbano pidi\u00f3 que los dem\u00e1s alcaldes tambi\u00e9n deber\u00edan tambi\u00e9n brindar su apoyo al Hospital.<\/p>\n","protected":false},"excerpt":{"rendered":"<p>Fernando Salazar\u00a0gerente del Hospital Marco Vinivio Iza inform\u00f3 que existen 30 m\u00e9dicos que dieron positivos a prueba PCR y se encuentran aislados<\/p>\n","protected":false},"author":1,"featured_media":0,"comment_status":"open","ping_status":"closed","sticky":false,"template":"","format":"standard","meta":{"footnotes":""},"categories":[3,5],"tags":[],"class_list":["post-2595","post","type-post","status-publish","format-standard","hentry","category-noticias","category-sucumbios"],"_links":{"self":[{"href":"https:\/\/radiosucumbios.org.ec\/index.php?rest_route=\/wp\/v2\/posts\/2595","targetHints":{"allow":["GET"]}}],"collection":[{"href":"https:\/\/radiosucumbios.org.ec\/index.php?rest_route=\/wp\/v2\/posts"}],"about":[{"href":"https:\/\/radiosucumbios.org.ec\/index.php?rest_route=\/wp\/v2\/types\/post"}],"author":[{"embeddable":true,"href":"https:\/\/radiosucumbios.org.ec\/index.php?rest_route=\/wp\/v2\/users\/1"}],"replies":[{"embeddable":true,"href":"https:\/\/radiosucumbios.org.ec\/index.php?rest_route=%2Fwp%2Fv2%2Fcomments&post=2595"}],"version-history":[{"count":3,"href":"https:\/\/radiosucumbios.org.ec\/index.php?rest_route=\/wp\/v2\/posts\/2595\/revisions"}],"predecessor-version":[{"id":2600,"href":"https:\/\/radiosucumbios.org.ec\/index.php?rest_route=\/wp\/v2\/posts\/2595\/revisions\/2600"}],"wp:attachment":[{"href":"https:\/\/radiosucumbios.org.ec\/index.php?rest_route=%2Fwp%2Fv2%2Fmedia&parent=2595"}],"wp:term":[{"taxonomy":"category","embeddable":true,"href":"https:\/\/radiosucumbios.org.ec\/index.php?rest_route=%2Fwp%2Fv2%2Fcategories&post=2595"},{"taxonomy":"post_tag","embeddable":true,"href":"https:\/\/radiosucumbios.org.ec\/index.php?rest_route=%2Fwp%2Fv2%2Ftags&post=2595"}],"curies":[{"name":"wp","href":"https:\/\/api.w.org\/{rel}","templated":true}]}}