{"id":2615,"date":"2020-08-21T21:45:07","date_gmt":"2020-08-21T21:45:07","guid":{"rendered":"https:\/\/radiosucumbios.org.ec\/?p=2615"},"modified":"2020-08-21T21:45:07","modified_gmt":"2020-08-21T21:45:07","slug":"se-cerro-audiencia-del-caso-contaminacion-los-jueces-orellana-se-pronunciaran-01-septiembre","status":"publish","type":"post","link":"https:\/\/radiosucumbios.org.ec\/?p=2615","title":{"rendered":"Se cerr\u00f3 audiencia del caso contaminaci\u00f3n los jueces de Orellana se pronunciaran el 01 de septiembre"},"content":{"rendered":"<p>El 19 de agosto 2020, se cerr\u00f3 la audiencia de primera instancia ante el juez penal de Francisco de Orellana en la acci\u00f3n de protecci\u00f3n presentada por el derrame de m\u00e1s de 15.000 barriles de crudo el 7 de abril de 2020 por la rotura de los oleoductos OCP, SOTE y poliducto que contamin\u00f3 los r\u00edos Coca y Napo por m\u00e1s de 300 kil\u00f3metros y afect\u00f3 directamente a m\u00e1s de 27.000 personas de las comunidades ribere\u00f1as, mayoritariamente kichwas, se\u00f1al\u00f3 el doctor Jorge Acero parte del equipo jur\u00eddico de los afectados.<!--more--><\/p>\n<p>Adem\u00e1s Acero, indic\u00f3, Se present\u00f3 pruebas por las empresas y entidades accionadas y se recogieron los testimonios finales de personas afectadas, organizaciones ind\u00edgenas y sociales, demandantes por la violaci\u00f3n de los derechos al agua, salud, alimentaci\u00f3n, ambiente y a la naturaleza, prob\u00e1ndose que: 1. Las empresas conoc\u00edan el riesgo y no actuaron para evitarlo y 2. Que no han remediado ni reparado adecuadamente los da\u00f1os ni atendido las necesidades generadas por el derrame a las personas, especialmente el agua y alimentaci\u00f3n. Durante la audiencia qued\u00f3 claro que para las empresas petroleras y el gobierno, la vida de las personas afectadas por derrames petroleros y del ambiente no es importante.<\/p>\n<p>El juez convoc\u00f3 para el 1 de septiembre a las 9.00 para dictar sentencia en este caso.<\/p>\n","protected":false},"excerpt":{"rendered":"<p>El 19 de agosto 2020, se cerr\u00f3 la audiencia de primera instancia ante el juez penal de Francisco de Orellana en la acci\u00f3n de protecci\u00f3n presentada por el derrame de m\u00e1s de 15.000 barriles de crudo el 7 de abril de 2020 por la rotura de los oleoductos OCP, SOTE y poliducto que contamin\u00f3 los [&hellip;]<\/p>\n","protected":false},"author":1,"featured_media":2616,"comment_status":"open","ping_status":"closed","sticky":false,"template":"","format":"standard","meta":{"footnotes":""},"categories":[3,6],"tags":[],"class_list":["post-2615","post","type-post","status-publish","format-standard","has-post-thumbnail","hentry","category-noticias","category-orellana"],"_links":{"self":[{"href":"https:\/\/radiosucumbios.org.ec\/index.php?rest_route=\/wp\/v2\/posts\/2615","targetHints":{"allow":["GET"]}}],"collection":[{"href":"https:\/\/radiosucumbios.org.ec\/index.php?rest_route=\/wp\/v2\/posts"}],"about":[{"href":"https:\/\/radiosucumbios.org.ec\/index.php?rest_route=\/wp\/v2\/types\/post"}],"author":[{"embeddable":true,"href":"https:\/\/radiosucumbios.org.ec\/index.php?rest_route=\/wp\/v2\/users\/1"}],"replies":[{"embeddable":true,"href":"https:\/\/radiosucumbios.org.ec\/index.php?rest_route=%2Fwp%2Fv2%2Fcomments&post=2615"}],"version-history":[{"count":1,"href":"https:\/\/radiosucumbios.org.ec\/index.php?rest_route=\/wp\/v2\/posts\/2615\/revisions"}],"predecessor-version":[{"id":2617,"href":"https:\/\/radiosucumbios.org.ec\/index.php?rest_route=\/wp\/v2\/posts\/2615\/revisions\/2617"}],"wp:featuredmedia":[{"embeddable":true,"href":"https:\/\/radiosucumbios.org.ec\/index.php?rest_route=\/wp\/v2\/media\/2616"}],"wp:attachment":[{"href":"https:\/\/radiosucumbios.org.ec\/index.php?rest_route=%2Fwp%2Fv2%2Fmedia&parent=2615"}],"wp:term":[{"taxonomy":"category","embeddable":true,"href":"https:\/\/radiosucumbios.org.ec\/index.php?rest_route=%2Fwp%2Fv2%2Fcategories&post=2615"},{"taxonomy":"post_tag","embeddable":true,"href":"https:\/\/radiosucumbios.org.ec\/index.php?rest_route=%2Fwp%2Fv2%2Ftags&post=2615"}],"curies":[{"name":"wp","href":"https:\/\/api.w.org\/{rel}","templated":true}]}}