{"id":2639,"date":"2020-09-28T12:22:43","date_gmt":"2020-09-28T12:22:43","guid":{"rendered":"https:\/\/radiosucumbios.org.ec\/?p=2639"},"modified":"2020-09-28T12:22:43","modified_gmt":"2020-09-28T12:22:43","slug":"dirigentes-partidos-politicos-cuestionan-presidencia-la-junta-electoral-sucumbios","status":"publish","type":"post","link":"https:\/\/radiosucumbios.org.ec\/?p=2639","title":{"rendered":"Dirigentes de partidos pol\u00edticos cuestionan presidencia de la junta Electoral Sucumb\u00edos"},"content":{"rendered":"<p align=\"JUSTIFY\"><span style=\"font-family: Arial, sans-serif;\"><span style=\"font-size: large;\">En medio de cr\u00edticas de algunos dirigentes de partidos y movimientos pol\u00edticos, los cinco vocales de la junta provincial electoral de Sucumb\u00edos, tom\u00f3 posesi\u00f3n y design\u00f3 a sus representantes, como presidente y vicepresidente<\/span><\/span><!--more--><\/p>\n<p align=\"JUSTIFY\"><span style=\"font-family: Arial, sans-serif;\"><span style=\"font-size: large;\">Armando Aguilar, Ruth Pe\u00f1afiel, Tito S\u00e1nchez, Lu\u00eds Albear y Carmen Lema, son los cinco vocales responsables de dirigir el proceso electoral del 7 de febrero del 2021.<\/span><\/span><\/p>\n<p align=\"JUSTIFY\"><span style=\"font-family: Arial, sans-serif;\"><span style=\"font-size: large;\">El Dr. Armando Aguilar fue electo presidente de la Junta Electoral y Ruth Pe\u00f1afiel como vicepresidenta.<\/span><\/span><\/p>\n<p align=\"JUSTIFY\"><span style=\"font-family: Arial, sans-serif;\"><span style=\"font-size: large;\">Previo a esta designaci\u00f3n, un grupo de dirigentes de partidos y movimientos pol\u00edticos, expresaban sus cr\u00edticas a la designaci\u00f3n del Dr. Aguilar como presidente de la junta electoral <\/span><\/span><\/p>\n<p align=\"JUSTIFY\"><span style=\"font-family: Arial, sans-serif;\"><span style=\"font-size: large;\">Francisco Gualotu\u00f1a del partido pol\u00edtico Unidad Popular, hablaba de la resoluci\u00f3n que hab\u00edan adoptado durante la reuni\u00f3n que mantuvieron<\/span><\/span><\/p>\n<p align=\"JUSTIFY\"><span style=\"font-family: Arial, sans-serif;\"><span style=\"font-size: large;\">En el momento de la posesi\u00f3n el presidente de la Junta Provincial Electoral de Sucumb\u00edos, Dr. Armando Aguilar, rechaz\u00f3 el anuncio hecho por los dirigentes de los partidos y movimientos pol\u00edticos y advirti\u00f3 que tales acciones pueden ser interpretadas como interferencia al proceso electoral que ya est\u00e1 en curso y caer en un delito penal, y les advirti\u00f3 que mejor no se expongan a una sanci\u00f3n<\/span><\/span><\/p>\n<p align=\"JUSTIFY\"><span style=\"font-family: Arial, sans-serif;\"><span style=\"font-size: large;\">Ruth Pe\u00f1afiel, se\u00f1al\u00f3 que los cinco vocales de la Junta Electoral de Sucumb\u00edos est\u00e1n en la capacidad de asumir la representaci\u00f3n y tienen la misma responsabilidad en este proceso de elecciones, y que por consenso desdieron que el vocero sea el Dr. Armando Aguilar<\/span><\/span><\/p>\n<p align=\"JUSTIFY\"><span style=\"font-family: Arial, sans-serif;\"><span style=\"font-size: large;\">Armando Aguilar pidi\u00f3 que no ahondar\u00e1 m\u00e1s en este incidente y pidi\u00f3 se de vuelta a la p\u00e1gina para continuar con el calendario electoral y promover la unidad de todos los actores pol\u00edticos inmersos en los comicios <\/span><\/span><\/p>\n<p align=\"JUSTIFY\"><span style=\"font-family: Arial, sans-serif;\"><span style=\"font-size: large;\">Los vocales de la Junta Provincial Electoral de Sucumb\u00edos, afirmaron que todos los actos ser\u00e1n p\u00fablicos y transparentes, que garantizaran la voluntad popular que se exprese en las urnas el pr\u00f3ximo 7 de febrero del 2021.<\/span><\/span><\/p>\n","protected":false},"excerpt":{"rendered":"<p>En medio de cr\u00edticas de algunos dirigentes de partidos y movimientos pol\u00edticos, los cinco vocales de la junta provincial electoral de Sucumb\u00edos, tom\u00f3 posesi\u00f3n y design\u00f3 a sus representantes, como presidente y vicepresidente<\/p>\n","protected":false},"author":2617,"featured_media":2641,"comment_status":"open","ping_status":"closed","sticky":false,"template":"","format":"standard","meta":{"footnotes":""},"categories":[3,5],"tags":[],"class_list":["post-2639","post","type-post","status-publish","format-standard","has-post-thumbnail","hentry","category-noticias","category-sucumbios"],"_links":{"self":[{"href":"https:\/\/radiosucumbios.org.ec\/index.php?rest_route=\/wp\/v2\/posts\/2639","targetHints":{"allow":["GET"]}}],"collection":[{"href":"https:\/\/radiosucumbios.org.ec\/index.php?rest_route=\/wp\/v2\/posts"}],"about":[{"href":"https:\/\/radiosucumbios.org.ec\/index.php?rest_route=\/wp\/v2\/types\/post"}],"author":[{"embeddable":true,"href":"https:\/\/radiosucumbios.org.ec\/index.php?rest_route=\/wp\/v2\/users\/2617"}],"replies":[{"embeddable":true,"href":"https:\/\/radiosucumbios.org.ec\/index.php?rest_route=%2Fwp%2Fv2%2Fcomments&post=2639"}],"version-history":[{"count":1,"href":"https:\/\/radiosucumbios.org.ec\/index.php?rest_route=\/wp\/v2\/posts\/2639\/revisions"}],"predecessor-version":[{"id":2642,"href":"https:\/\/radiosucumbios.org.ec\/index.php?rest_route=\/wp\/v2\/posts\/2639\/revisions\/2642"}],"wp:featuredmedia":[{"embeddable":true,"href":"https:\/\/radiosucumbios.org.ec\/index.php?rest_route=\/wp\/v2\/media\/2641"}],"wp:attachment":[{"href":"https:\/\/radiosucumbios.org.ec\/index.php?rest_route=%2Fwp%2Fv2%2Fmedia&parent=2639"}],"wp:term":[{"taxonomy":"category","embeddable":true,"href":"https:\/\/radiosucumbios.org.ec\/index.php?rest_route=%2Fwp%2Fv2%2Fcategories&post=2639"},{"taxonomy":"post_tag","embeddable":true,"href":"https:\/\/radiosucumbios.org.ec\/index.php?rest_route=%2Fwp%2Fv2%2Ftags&post=2639"}],"curies":[{"name":"wp","href":"https:\/\/api.w.org\/{rel}","templated":true}]}}