{"id":2654,"date":"2020-09-30T12:30:17","date_gmt":"2020-09-30T12:30:17","guid":{"rendered":"https:\/\/radiosucumbios.org.ec\/?p=2654"},"modified":"2020-09-30T12:30:17","modified_gmt":"2020-09-30T12:30:17","slug":"presupuestos-participativos-del-ano-2021","status":"publish","type":"post","link":"https:\/\/radiosucumbios.org.ec\/?p=2654","title":{"rendered":"Presupuestos participativos del a\u00f1o 2021"},"content":{"rendered":"<p lang=\"es-ES\" align=\"JUSTIFY\"><span style=\"color: #000000;\"><span style=\"font-size: medium;\"><span style=\"font-family: Arial, serif;\">Los Gobiernos Aut\u00f3nomos Descentralizados de la provincia de Sucumb\u00edos, aceleran la socializaci\u00f3n de los prepuestos participativos con la finalidad de determinar el presupuesto general para el a\u00f1o 2021.<\/span><\/span><\/span><!--more--><\/p>\n<p lang=\"es-ES\" align=\"JUSTIFY\"><span style=\"color: #000000;\"><span style=\"font-size: medium;\"><span style=\"font-family: Arial, serif;\">Esta socializaci\u00f3n permitir\u00e1 priorizar las necesidades que existen en las comunidades, a pesar que actualmente enfrenta la crisis en todo orden por falta de desembolso de los recursos desde el Ministerio de Finanzas, en algunos caso ya no disponen ni para cubrir los sueldos de los trabajadores, <\/span><\/span><\/span><\/p>\n<p lang=\"es-ES\" align=\"JUSTIFY\"><span style=\"color: #000000;\"><span style=\"font-size: medium;\"><span style=\"font-family: Arial, serif;\">El pasado fin de semana, dirigentes de las comunidades de la parroquia 7 de julio cat\u00f3n Shushufindi, participaron de la socializaci\u00f3n del presupuesto por parte del Gobierno Provincial de Sucumb\u00edos. La se\u00f1ora Rosa Garc\u00eda, dirigente del recinto Luz de Am\u00e9rica, manifest\u00f3 que las autoridades deben seguir trabajando por las necesidades de sus comunidades. <\/span><\/span><\/span><\/p>\n<p lang=\"es-ES\" align=\"JUSTIFY\"><span style=\"color: #000000;\"><span style=\"font-size: medium;\"><span style=\"font-family: Arial, serif;\">Gonzalo Sisa presidente del recinto Luz de Am\u00e9rica, reconoci\u00f3 del mejoramiento vial que en las ultimas semanas han sido beneficiados y espera que en el presupuesto participativo del a\u00f1o 2021 sean considerados otras obras prioritarias que hace tanta falta para el recinto.<\/span><\/span><\/span><\/p>\n<p lang=\"es-ES\" align=\"JUSTIFY\"><span style=\"color: #000000;\"><span style=\"font-size: medium;\"><span style=\"font-family: Arial, serif;\">La construcci\u00f3n del presupuesto participativo 2021, se realiza de manera consciente de acuerdo a la realidad de recursos que cuenta la entidad provincial. En esta ocasi\u00f3n para la parroquia 7 de Julio, ser\u00e1n 240 mil d\u00f3lares aproximadamente para proyectos viales y productivos, adem\u00e1s programas de atenci\u00f3n prioritaria. <\/span><\/span><\/span><\/p>\n<p lang=\"es-ES\" align=\"JUSTIFY\"><span style=\"color: #000000;\"><span style=\"font-size: medium;\"><span style=\"font-family: Arial, serif;\">Hemos gestionado cerca de dos millones de d\u00f3lares se\u00f1al\u00f3 el prefecto Amado Ch\u00e1vez<\/span><\/span><\/span><\/p>\n","protected":false},"excerpt":{"rendered":"<p>Los Gobiernos Aut\u00f3nomos Descentralizados de la provincia de Sucumb\u00edos, aceleran la socializaci\u00f3n de los prepuestos participativos con la finalidad de determinar el presupuesto general para el a\u00f1o 2021.<\/p>\n","protected":false},"author":2617,"featured_media":2655,"comment_status":"open","ping_status":"closed","sticky":false,"template":"","format":"standard","meta":{"footnotes":""},"categories":[3,5],"tags":[],"class_list":["post-2654","post","type-post","status-publish","format-standard","has-post-thumbnail","hentry","category-noticias","category-sucumbios"],"_links":{"self":[{"href":"https:\/\/radiosucumbios.org.ec\/index.php?rest_route=\/wp\/v2\/posts\/2654","targetHints":{"allow":["GET"]}}],"collection":[{"href":"https:\/\/radiosucumbios.org.ec\/index.php?rest_route=\/wp\/v2\/posts"}],"about":[{"href":"https:\/\/radiosucumbios.org.ec\/index.php?rest_route=\/wp\/v2\/types\/post"}],"author":[{"embeddable":true,"href":"https:\/\/radiosucumbios.org.ec\/index.php?rest_route=\/wp\/v2\/users\/2617"}],"replies":[{"embeddable":true,"href":"https:\/\/radiosucumbios.org.ec\/index.php?rest_route=%2Fwp%2Fv2%2Fcomments&post=2654"}],"version-history":[{"count":1,"href":"https:\/\/radiosucumbios.org.ec\/index.php?rest_route=\/wp\/v2\/posts\/2654\/revisions"}],"predecessor-version":[{"id":2656,"href":"https:\/\/radiosucumbios.org.ec\/index.php?rest_route=\/wp\/v2\/posts\/2654\/revisions\/2656"}],"wp:featuredmedia":[{"embeddable":true,"href":"https:\/\/radiosucumbios.org.ec\/index.php?rest_route=\/wp\/v2\/media\/2655"}],"wp:attachment":[{"href":"https:\/\/radiosucumbios.org.ec\/index.php?rest_route=%2Fwp%2Fv2%2Fmedia&parent=2654"}],"wp:term":[{"taxonomy":"category","embeddable":true,"href":"https:\/\/radiosucumbios.org.ec\/index.php?rest_route=%2Fwp%2Fv2%2Fcategories&post=2654"},{"taxonomy":"post_tag","embeddable":true,"href":"https:\/\/radiosucumbios.org.ec\/index.php?rest_route=%2Fwp%2Fv2%2Ftags&post=2654"}],"curies":[{"name":"wp","href":"https:\/\/api.w.org\/{rel}","templated":true}]}}