{"id":2662,"date":"2020-10-08T17:16:07","date_gmt":"2020-10-08T17:16:07","guid":{"rendered":"https:\/\/radiosucumbios.org.ec\/?p=2662"},"modified":"2020-10-08T17:22:25","modified_gmt":"2020-10-08T17:22:25","slug":"presidente-del-coe-cantonal-lago-agrio-asegura-no-permitiran-plan-piloto-inicio-clases-presenciales","status":"publish","type":"post","link":"https:\/\/radiosucumbios.org.ec\/?p=2662","title":{"rendered":"Presidente del COE cantonal de Lago Agrio asegura que no permitir\u00e1n plan piloto para inicio de clases presenciales"},"content":{"rendered":"<p>El Comit\u00e9 de Operaciones de Emergencia (COE) Nacional, autoriz\u00f3 el plan piloto para el retorno progresivo a clases de siete establecimientos educativos p\u00fablicos y privados. Para lo cual los padres de familia de los estudiantes decidir\u00e1n de forma voluntaria el retorno presencial o no a las instituciones educativas de sus hijos.<!--more--><\/p>\n<p>La viceministra de Educaci\u00f3n, Isabel Maldonado se\u00f1al\u00f3 que en el marco del Plan de Continuidad Educativa Juntos Aprendemos y Nos Cuidamos, que las instituciones educativas que retornen opcionalmente deber\u00e1n cumplir con todos los protocolos de bioseguridad y que los planes sean aprobados por el COE Nacional.<\/p>\n<p>Ante esto, el presidente del COE cantonal y alcalde de Lago Agrio, indic\u00f3, que no permitir\u00e1 que se realice ning\u00fan plan piloto en los planteles educativos del cant\u00f3n y se respetar\u00e1 la decisi\u00f3n de los representantes del COE cantonal que resolvi\u00f3 en la \u00faltima reuni\u00f3n.<\/p>\n<p>Freire, dijo que en el cant\u00f3n no se han presentado solicitudes para entrar en el plan piloto por parte de ninguna instituci\u00f3n educativa ni particular tampoco fiscal a pesar que est\u00e1n son disposiciones del Ministerio de Educaci\u00f3n.<\/p>\n<p>As\u00ed mismo manifest\u00f3 que no permitir\u00e1 que las autoridades del Ministerio de Educaci\u00f3n realcen ensayos en los planteles educativos del cant\u00f3n Lago Agrio y espera que las dem\u00e1s autoridades de los cantones de la provincia de Sucumb\u00edos reaccionen y mantengan su posici\u00f3n frente al tema<\/p>\n","protected":false},"excerpt":{"rendered":"<p>El Comit\u00e9 de Operaciones de Emergencia (COE) Nacional, autoriz\u00f3 el plan piloto para el retorno progresivo a clases de siete establecimientos educativos p\u00fablicos y privados. Para lo cual los padres de familia de los estudiantes decidir\u00e1n de forma voluntaria el retorno presencial o no a las instituciones educativas de sus hijos.<\/p>\n","protected":false},"author":1,"featured_media":0,"comment_status":"open","ping_status":"closed","sticky":false,"template":"","format":"standard","meta":{"footnotes":""},"categories":[3,5],"tags":[],"class_list":["post-2662","post","type-post","status-publish","format-standard","hentry","category-noticias","category-sucumbios"],"_links":{"self":[{"href":"https:\/\/radiosucumbios.org.ec\/index.php?rest_route=\/wp\/v2\/posts\/2662","targetHints":{"allow":["GET"]}}],"collection":[{"href":"https:\/\/radiosucumbios.org.ec\/index.php?rest_route=\/wp\/v2\/posts"}],"about":[{"href":"https:\/\/radiosucumbios.org.ec\/index.php?rest_route=\/wp\/v2\/types\/post"}],"author":[{"embeddable":true,"href":"https:\/\/radiosucumbios.org.ec\/index.php?rest_route=\/wp\/v2\/users\/1"}],"replies":[{"embeddable":true,"href":"https:\/\/radiosucumbios.org.ec\/index.php?rest_route=%2Fwp%2Fv2%2Fcomments&post=2662"}],"version-history":[{"count":1,"href":"https:\/\/radiosucumbios.org.ec\/index.php?rest_route=\/wp\/v2\/posts\/2662\/revisions"}],"predecessor-version":[{"id":2663,"href":"https:\/\/radiosucumbios.org.ec\/index.php?rest_route=\/wp\/v2\/posts\/2662\/revisions\/2663"}],"wp:attachment":[{"href":"https:\/\/radiosucumbios.org.ec\/index.php?rest_route=%2Fwp%2Fv2%2Fmedia&parent=2662"}],"wp:term":[{"taxonomy":"category","embeddable":true,"href":"https:\/\/radiosucumbios.org.ec\/index.php?rest_route=%2Fwp%2Fv2%2Fcategories&post=2662"},{"taxonomy":"post_tag","embeddable":true,"href":"https:\/\/radiosucumbios.org.ec\/index.php?rest_route=%2Fwp%2Fv2%2Ftags&post=2662"}],"curies":[{"name":"wp","href":"https:\/\/api.w.org\/{rel}","templated":true}]}}