{"id":2667,"date":"2020-10-22T12:44:29","date_gmt":"2020-10-22T12:44:29","guid":{"rendered":"https:\/\/radiosucumbios.org.ec\/?p=2667"},"modified":"2020-10-22T12:44:29","modified_gmt":"2020-10-22T12:44:29","slug":"moradores-del-barrio-lucha-los-pobres-estreno-casa-nueva-valorada-50-mil-dolares","status":"publish","type":"post","link":"https:\/\/radiosucumbios.org.ec\/?p=2667","title":{"rendered":"Moradores del barrio lucha de los pobres estren\u00f3 casa nueva valorada en 50 mil d\u00f3lares"},"content":{"rendered":"<p>En el barrio Lucha de los Pobres, parroquia santa Cecilia del Cant\u00f3n Lago Agrio se inaugur\u00f3 una casa taller, que ayudar\u00e1 a mejorar las condiciones de vida y desarrollo del sector, por lo que Elio \u00c1lava, presidente del sector se mostr\u00f3 agradecido por la obra que tiene una inversi\u00f3n aproximada de 53 mil d\u00f3lares.\u00a0<!--more--><\/p>\n<p>Abraham Freire, alcalde del cant\u00f3n Lago Agrio mencion\u00f3\u00a0 que la dotaci\u00f3n de una cancha cubierta para la escuela Irene Guerr\u00f3n tambi\u00e9n est\u00e1 dentro de barrio Lucha de los Pobres y en los pr\u00f3ximos d\u00edas se entregar\u00e1 el sistema de agua potable<\/p>\n","protected":false},"excerpt":{"rendered":"<p>En el barrio Lucha de los Pobres, parroquia santa Cecilia del Cant\u00f3n Lago Agrio se inaugur\u00f3 una casa taller, que ayudar\u00e1 a mejorar las condiciones de vida y desarrollo del sector, por lo que Elio \u00c1lava, presidente del sector se mostr\u00f3 agradecido por la obra que tiene una inversi\u00f3n aproximada de 53 mil d\u00f3lares.\u00a0<\/p>\n","protected":false},"author":2617,"featured_media":2669,"comment_status":"open","ping_status":"closed","sticky":false,"template":"","format":"standard","meta":{"footnotes":""},"categories":[3,5],"tags":[],"class_list":["post-2667","post","type-post","status-publish","format-standard","has-post-thumbnail","hentry","category-noticias","category-sucumbios"],"_links":{"self":[{"href":"https:\/\/radiosucumbios.org.ec\/index.php?rest_route=\/wp\/v2\/posts\/2667","targetHints":{"allow":["GET"]}}],"collection":[{"href":"https:\/\/radiosucumbios.org.ec\/index.php?rest_route=\/wp\/v2\/posts"}],"about":[{"href":"https:\/\/radiosucumbios.org.ec\/index.php?rest_route=\/wp\/v2\/types\/post"}],"author":[{"embeddable":true,"href":"https:\/\/radiosucumbios.org.ec\/index.php?rest_route=\/wp\/v2\/users\/2617"}],"replies":[{"embeddable":true,"href":"https:\/\/radiosucumbios.org.ec\/index.php?rest_route=%2Fwp%2Fv2%2Fcomments&post=2667"}],"version-history":[{"count":1,"href":"https:\/\/radiosucumbios.org.ec\/index.php?rest_route=\/wp\/v2\/posts\/2667\/revisions"}],"predecessor-version":[{"id":2670,"href":"https:\/\/radiosucumbios.org.ec\/index.php?rest_route=\/wp\/v2\/posts\/2667\/revisions\/2670"}],"wp:featuredmedia":[{"embeddable":true,"href":"https:\/\/radiosucumbios.org.ec\/index.php?rest_route=\/wp\/v2\/media\/2669"}],"wp:attachment":[{"href":"https:\/\/radiosucumbios.org.ec\/index.php?rest_route=%2Fwp%2Fv2%2Fmedia&parent=2667"}],"wp:term":[{"taxonomy":"category","embeddable":true,"href":"https:\/\/radiosucumbios.org.ec\/index.php?rest_route=%2Fwp%2Fv2%2Fcategories&post=2667"},{"taxonomy":"post_tag","embeddable":true,"href":"https:\/\/radiosucumbios.org.ec\/index.php?rest_route=%2Fwp%2Fv2%2Ftags&post=2667"}],"curies":[{"name":"wp","href":"https:\/\/api.w.org\/{rel}","templated":true}]}}