{"id":2693,"date":"2020-10-29T23:03:12","date_gmt":"2020-10-29T23:03:12","guid":{"rendered":"https:\/\/radiosucumbios.org.ec\/?p=2693"},"modified":"2020-12-04T13:00:35","modified_gmt":"2020-12-04T13:00:35","slug":"verano-afecta-pueblos-canton-cascales","status":"publish","type":"post","link":"https:\/\/radiosucumbios.org.ec\/?p=2693","title":{"rendered":"El verano afecta a pueblos en el cant\u00f3n Cascales"},"content":{"rendered":"<p>El verano empez\u00f3 a tomar fuerza desde octubre de 2020\u00a0 en la amazonia vi\u00e9ndose afectadas las comunidades de C\u00e1scales.<!--more--><\/p>\n<p>En la comuna Taruka no cuentan con un sistema de agua potable y usan el l\u00edquido vital\u00a0 de los r\u00edos Tukura y Saladero que ya no abastece, por lo que Juan Taan l\u00edder de la comuna hace el llamado a las autoridades para que les abastezcan mediante tanqueros, pues llevan 3 semanas con esta problem\u00e1tica.<\/p>\n<p>Tras hacer p\u00fablicos los problemas h\u00eddricos de la comuna Shuar Taruka, el alcalde del cant\u00f3n C\u00e1scales \u00edndico que la sequ\u00eda es consecuencia de la deforestaci\u00f3n y el verano, por lo que se envi\u00f3 un equipo t\u00e9cnico para resolver, analizar la situaci\u00f3n y abastecer de agua a los habitantes que llevaban 3 semanas sin el recurso vital.<\/p>\n<p><script data-ad-client=\"ca-pub-8382172831853329\" async src=\"https:\/\/pagead2.googlesyndication.com\/pagead\/js\/adsbygoogle.js\"><\/script><br \/>\n&nbsp;<\/p>\n","protected":false},"excerpt":{"rendered":"<p>El verano empez\u00f3 a tomar fuerza desde octubre de 2020\u00a0 en la amazonia vi\u00e9ndose afectadas las comunidades de C\u00e1scales.<\/p>\n","protected":false},"author":1,"featured_media":2694,"comment_status":"open","ping_status":"closed","sticky":false,"template":"","format":"standard","meta":{"footnotes":""},"categories":[3,5],"tags":[],"class_list":["post-2693","post","type-post","status-publish","format-standard","has-post-thumbnail","hentry","category-noticias","category-sucumbios"],"_links":{"self":[{"href":"https:\/\/radiosucumbios.org.ec\/index.php?rest_route=\/wp\/v2\/posts\/2693","targetHints":{"allow":["GET"]}}],"collection":[{"href":"https:\/\/radiosucumbios.org.ec\/index.php?rest_route=\/wp\/v2\/posts"}],"about":[{"href":"https:\/\/radiosucumbios.org.ec\/index.php?rest_route=\/wp\/v2\/types\/post"}],"author":[{"embeddable":true,"href":"https:\/\/radiosucumbios.org.ec\/index.php?rest_route=\/wp\/v2\/users\/1"}],"replies":[{"embeddable":true,"href":"https:\/\/radiosucumbios.org.ec\/index.php?rest_route=%2Fwp%2Fv2%2Fcomments&post=2693"}],"version-history":[{"count":2,"href":"https:\/\/radiosucumbios.org.ec\/index.php?rest_route=\/wp\/v2\/posts\/2693\/revisions"}],"predecessor-version":[{"id":2700,"href":"https:\/\/radiosucumbios.org.ec\/index.php?rest_route=\/wp\/v2\/posts\/2693\/revisions\/2700"}],"wp:featuredmedia":[{"embeddable":true,"href":"https:\/\/radiosucumbios.org.ec\/index.php?rest_route=\/wp\/v2\/media\/2694"}],"wp:attachment":[{"href":"https:\/\/radiosucumbios.org.ec\/index.php?rest_route=%2Fwp%2Fv2%2Fmedia&parent=2693"}],"wp:term":[{"taxonomy":"category","embeddable":true,"href":"https:\/\/radiosucumbios.org.ec\/index.php?rest_route=%2Fwp%2Fv2%2Fcategories&post=2693"},{"taxonomy":"post_tag","embeddable":true,"href":"https:\/\/radiosucumbios.org.ec\/index.php?rest_route=%2Fwp%2Fv2%2Ftags&post=2693"}],"curies":[{"name":"wp","href":"https:\/\/api.w.org\/{rel}","templated":true}]}}