{"id":2701,"date":"2020-12-16T16:08:43","date_gmt":"2020-12-16T16:08:43","guid":{"rendered":"https:\/\/radiosucumbios.org.ec\/?p=2701"},"modified":"2020-12-16T16:08:43","modified_gmt":"2020-12-16T16:08:43","slug":"explotacion-madera-la-comunas-amazonas-san-pablo","status":"publish","type":"post","link":"https:\/\/radiosucumbios.org.ec\/?p=2701","title":{"rendered":"Explotaci\u00f3n de madera en la comunas: Amazonas y San Pablo"},"content":{"rendered":"<p>La problem\u00e1tica de la tala explotaci\u00f3n madera que ya es de conocimiento de las autoridades, sin embargo, la actividad contin\u00faa, al parecer tendr\u00edan un permiso ambiental para talar la monta\u00f1a.<!--more--><\/p>\n<p>Pobladores aleda\u00f1os a la comunas Amazonas y San Pablo en la Parroquia El Eno, cant\u00f3n Lago Agrio provincia de Sucumb\u00edos, muestran su preocupaci\u00f3n como sacan la madera en grandes cantidades, mientras que los agricultores del sector por transportar 20 o 30 tablones son detenidos.<\/p>\n<p>Testimonios gr\u00e1ficos afirman que desde hace dos meses est\u00e1n transportando trailers gigantes de madera.<\/p>\n<p>&nbsp;<\/p>\n","protected":false},"excerpt":{"rendered":"<p>La problem\u00e1tica de la tala explotaci\u00f3n madera que ya es de conocimiento de las autoridades, sin embargo, la actividad contin\u00faa, al parecer tendr\u00edan un permiso ambiental para talar la monta\u00f1a.<\/p>\n","protected":false},"author":1,"featured_media":2703,"comment_status":"open","ping_status":"closed","sticky":false,"template":"","format":"standard","meta":{"footnotes":""},"categories":[3,5],"tags":[],"class_list":["post-2701","post","type-post","status-publish","format-standard","has-post-thumbnail","hentry","category-noticias","category-sucumbios"],"_links":{"self":[{"href":"https:\/\/radiosucumbios.org.ec\/index.php?rest_route=\/wp\/v2\/posts\/2701","targetHints":{"allow":["GET"]}}],"collection":[{"href":"https:\/\/radiosucumbios.org.ec\/index.php?rest_route=\/wp\/v2\/posts"}],"about":[{"href":"https:\/\/radiosucumbios.org.ec\/index.php?rest_route=\/wp\/v2\/types\/post"}],"author":[{"embeddable":true,"href":"https:\/\/radiosucumbios.org.ec\/index.php?rest_route=\/wp\/v2\/users\/1"}],"replies":[{"embeddable":true,"href":"https:\/\/radiosucumbios.org.ec\/index.php?rest_route=%2Fwp%2Fv2%2Fcomments&post=2701"}],"version-history":[{"count":1,"href":"https:\/\/radiosucumbios.org.ec\/index.php?rest_route=\/wp\/v2\/posts\/2701\/revisions"}],"predecessor-version":[{"id":2704,"href":"https:\/\/radiosucumbios.org.ec\/index.php?rest_route=\/wp\/v2\/posts\/2701\/revisions\/2704"}],"wp:featuredmedia":[{"embeddable":true,"href":"https:\/\/radiosucumbios.org.ec\/index.php?rest_route=\/wp\/v2\/media\/2703"}],"wp:attachment":[{"href":"https:\/\/radiosucumbios.org.ec\/index.php?rest_route=%2Fwp%2Fv2%2Fmedia&parent=2701"}],"wp:term":[{"taxonomy":"category","embeddable":true,"href":"https:\/\/radiosucumbios.org.ec\/index.php?rest_route=%2Fwp%2Fv2%2Fcategories&post=2701"},{"taxonomy":"post_tag","embeddable":true,"href":"https:\/\/radiosucumbios.org.ec\/index.php?rest_route=%2Fwp%2Fv2%2Ftags&post=2701"}],"curies":[{"name":"wp","href":"https:\/\/api.w.org\/{rel}","templated":true}]}}