{"id":2796,"date":"2021-01-27T21:23:56","date_gmt":"2021-01-27T21:23:56","guid":{"rendered":"https:\/\/radiosucumbios.org.ec\/?p=2796"},"modified":"2021-01-27T21:24:08","modified_gmt":"2021-01-27T21:24:08","slug":"corte-ordena-apagar-mecheros-en-la-amazonia","status":"publish","type":"post","link":"https:\/\/radiosucumbios.org.ec\/?p=2796","title":{"rendered":"Corte ordena apagar mecheros en la Amazon\u00eda"},"content":{"rendered":"\n<p>Hace unas horas, la\u00a0Sala Multicompetente de la Corte Provincial de Sucumb\u00edos\u00a0orden\u00f3 en una sentencia que se\u00a0<a href=\"https:\/\/twitter.com\/AcEcologica\/status\/1354074599173087237?s=20\">apaguen los mecheros en la Amazon\u00eda<\/a>\u00a0ecuatoriana. <\/p>\n\n\n\n<!--more-->\n\n\n\n<p>El fallo se dio en una acci\u00f3n de protecci\u00f3n iniciada por un grupo de 9 ni\u00f1as y adolescentes de las provincias amaz\u00f3nicas de Sucumb\u00edos y Orellana para que estos dispositivos sean dados de baja. En ocho d\u00edas, habr\u00e1 una nueva audiencia para fijar las medidas de reparaci\u00f3n que deber\u00e1 cumplir el Estado ecuatoriano por la vulneraci\u00f3n de derechos causada por los mecheros.\u00a0El fallo se dio de forma oral; se conocer\u00e1n sus detalles en 8 d\u00edas.\u00a0<\/p>\n\n\n\n<p>Los mecheros\u00a0<a href=\"https:\/\/gk.city\/2020\/10\/05\/mecheros-amazonia-lucha\/\">son unas tuber\u00edas a cielo abierto que queman y expulsan gas natural<\/a>, a una temperatura promedio de 400 grados cent\u00edgrados. En la Amazon\u00eda ecuatoriana, de acuerdo al colectivo\u00a0<em>Eliminen los Mecheros, que Encendemos la Vida<\/em>, existen 447. <\/p>\n\n\n\n<p>Los primeros en el Ecuador, fueron instalados por la petrolera estadounidense Texaco (hoy absorbida Chevron) que perfor\u00f3 el primer pozo comercial ecuatoriano en 1967. La mayor\u00eda de los mecheros est\u00e1n en la provincia de Orellana (232) y en la de Sucumb\u00edos (210); tambi\u00e9n hay algunos en las provincias amaz\u00f3nicas de Napo y Pastaza.\u00a0\u00a0<\/p>\n\n\n\n<p>El 20 de febrero de 2020, un grupo de 9 ni\u00f1as y adolescentes de Sucumb\u00edos y Orellana, en las que se hace gran explotaci\u00f3n petrolera, presentaron una acci\u00f3n de protecci\u00f3n contra el Ministerio de Energ\u00eda y Recursos Naturales no Renovables y el Ministerio del Ambiente y Agua.\u00a0 <\/p>\n\n\n\n<p>Una<a href=\"https:\/\/gk.city\/2021\/01\/06\/accion-proteccion\/\">\u00a0acci\u00f3n de protecci\u00f3n<\/a>\u00a0es un mecanismo judicial para hacer que los derechos que da la Constituci\u00f3n del Ecuador se cumplan o para que se eviten da\u00f1os a esos derechos. Cualquier persona puede interponer una, si considera que sus derechos han sido vulnerados por el Estado o un tercero, como empresas que operen en el pa\u00eds.\u00a0<\/p>\n\n\n\n<p>En su demanda, las ni\u00f1as argumentaban que la quema de gas en los mecheros vulneraba sus derechos al agua, a la salud, a la soberan\u00eda alimentaria y a un ambiente sano y ecol\u00f3gicamente equilibrado. Adem\u00e1s, dec\u00edan que el funcionamiento de los mecheros ha causado da\u00f1os en la salud de los habitantes que viven cerca de los campos petroleros y ha contaminado el agua lluvia. Algunas personas cercanas a las ni\u00f1as tienen \u2014o han tenido\u2014 c\u00e1ncer, y han padecido de enfermedades respiratorias relacionadas con la quema del gas.&nbsp;<\/p>\n\n\n\n<p>El 7 de mayo de 2020, la acci\u00f3n de protecci\u00f3n fue negada. Seg\u00fan&nbsp;la jueza Mar\u00eda Custodia Toapanta Guanoquiza, de la Corte Provincial de Sucumb\u00edos,&nbsp;no exist\u00edan estudios que confirmaran la afectaci\u00f3n en la salud de las personas de la zona. Pero las ni\u00f1as apelaron esa decisi\u00f3n.&nbsp;<\/p>\n\n\n\n<p>El fallo de hoy, 26 de enero, revirti\u00f3 ese fallo. La audiencia de apelaci\u00f3n se posterg\u00f3 por cinco veces: se deb\u00eda realizar en junio, fue pospuesta para el 16 de julio, luego para el 26 de agosto porque los jueces estaban enfermos. Luego se la convoc\u00f3 para el 16 de septiembre pero fue suspendida para que los jueces revisen los\u00a0<em>amicus curiae<\/em>, unas intervenciones de terceros no directamente involucrados en la causa pero que pueden aportar informaci\u00f3n relevante para que los juzgadores tomen una decisi\u00f3n. El 2 de octubre se instal\u00f3 finalmente la audiencia. Los jueces han dictado hoy, m\u00e1s de tres meses despu\u00e9s.\u00a0<\/p>\n\n\n\n<p class=\"has-drop-cap\">Donald Moncayo, subcoordinador de la Uni\u00f3n de Afectados y Afectadas por las Operaciones Petroleras de Texaco (UDAPT) y padre de Leonela Moncayo, una de las ni\u00f1as accionantes, dijo a GK que est\u00e1n muy felices con el fallo. Adem\u00e1s asegur\u00f3 que la sentencia cambiar\u00eda el rumbo \u201cde la industrializaci\u00f3n hidrocarbur\u00edfera\u201d en el pa\u00eds y en el mundo. Aunque el Ecuador no es un gran generador de gases invernaderos, la quema de gas natural es uno de los mayores contribuyentes del cambio clim\u00e1tico seg\u00fan\u00a0<a href=\"https:\/\/www.worldbank.org\/en\/programs\/zero-routine-flaring-by-2030#1\">el Banco Mundial<\/a><\/p>\n","protected":false},"excerpt":{"rendered":"<p>Hace unas horas, la\u00a0Sala Multicompetente de la Corte Provincial de Sucumb\u00edos\u00a0orden\u00f3 en una sentencia que se\u00a0apaguen los mecheros en la Amazon\u00eda\u00a0ecuatoriana.<\/p>\n","protected":false},"author":1,"featured_media":2797,"comment_status":"open","ping_status":"closed","sticky":false,"template":"","format":"standard","meta":{"footnotes":""},"categories":[3,6,5],"tags":[],"class_list":["post-2796","post","type-post","status-publish","format-standard","has-post-thumbnail","hentry","category-noticias","category-orellana","category-sucumbios"],"_links":{"self":[{"href":"https:\/\/radiosucumbios.org.ec\/index.php?rest_route=\/wp\/v2\/posts\/2796","targetHints":{"allow":["GET"]}}],"collection":[{"href":"https:\/\/radiosucumbios.org.ec\/index.php?rest_route=\/wp\/v2\/posts"}],"about":[{"href":"https:\/\/radiosucumbios.org.ec\/index.php?rest_route=\/wp\/v2\/types\/post"}],"author":[{"embeddable":true,"href":"https:\/\/radiosucumbios.org.ec\/index.php?rest_route=\/wp\/v2\/users\/1"}],"replies":[{"embeddable":true,"href":"https:\/\/radiosucumbios.org.ec\/index.php?rest_route=%2Fwp%2Fv2%2Fcomments&post=2796"}],"version-history":[{"count":1,"href":"https:\/\/radiosucumbios.org.ec\/index.php?rest_route=\/wp\/v2\/posts\/2796\/revisions"}],"predecessor-version":[{"id":2798,"href":"https:\/\/radiosucumbios.org.ec\/index.php?rest_route=\/wp\/v2\/posts\/2796\/revisions\/2798"}],"wp:featuredmedia":[{"embeddable":true,"href":"https:\/\/radiosucumbios.org.ec\/index.php?rest_route=\/wp\/v2\/media\/2797"}],"wp:attachment":[{"href":"https:\/\/radiosucumbios.org.ec\/index.php?rest_route=%2Fwp%2Fv2%2Fmedia&parent=2796"}],"wp:term":[{"taxonomy":"category","embeddable":true,"href":"https:\/\/radiosucumbios.org.ec\/index.php?rest_route=%2Fwp%2Fv2%2Fcategories&post=2796"},{"taxonomy":"post_tag","embeddable":true,"href":"https:\/\/radiosucumbios.org.ec\/index.php?rest_route=%2Fwp%2Fv2%2Ftags&post=2796"}],"curies":[{"name":"wp","href":"https:\/\/api.w.org\/{rel}","templated":true}]}}