{"id":2804,"date":"2021-03-01T12:30:58","date_gmt":"2021-03-01T12:30:58","guid":{"rendered":"https:\/\/radiosucumbios.org.ec\/?p=2804"},"modified":"2021-03-01T12:31:21","modified_gmt":"2021-03-01T12:31:21","slug":"defensoria-del-pueblo-se-pronuncio-ante-los-hechos-ocurridos-en-carceles-del-pais","status":"publish","type":"post","link":"https:\/\/radiosucumbios.org.ec\/?p=2804","title":{"rendered":"Defensoria del pueblo se pronunci\u00f3 ante los hechos ocurridos en c\u00e1rceles del pa\u00eds"},"content":{"rendered":"\n<p>La Defensor\u00eda del Pueblo de Ecuador, frente a la masacre sin precedentes que se ha vivido en el Sistema de Rehabilitaci\u00f3n Social del pa\u00eds, expres\u00f3 su preocupaci\u00f3n por la falta de seguridad que vive el pa\u00eds, la cual se refleja el aumento de la delincuencia y violencia al interior de los centros carcelarios.<\/p>\n\n\n\n<!--more-->\n\n\n\n<p>Nuevamente se observan en el pa\u00eds actos delictivos que resultan en la barbarie propia de Estados fallidos. Seg\u00fan informaci\u00f3n oficial del Servicio Nacional de Atenci\u00f3n Integral a personas adultas privadas de la libertad y adolescentes infractores, SNAI, existir\u00edan m\u00e1s de 79 PPL fallecidas en los centros de rehabilitaci\u00f3n social regionales de Turi, Guayaquil, Cotopaxi, adem\u00e1s de la Penitenciaria del Litoral.<\/p>\n\n\n\n<p>Ante esto con la finalidad de prevalecer los derechos humanos al interior de los centros carcelarios de otras ciudades del pa\u00eds, se han dado directrices claras para que desde las delegaciones de la defensor\u00eda se haga una vigilancia estricta, indic\u00f3, el doctor Freddy Vizueta, Delegado en la provincia de Sucumb\u00edos.<\/p>\n\n\n\n<p>En el Centro de Rehabilitaci\u00f3n Social de Sucumb\u00edos, se mantiene la calma. El d\u00eda lunes se visit\u00f3 el centro con la finalidad de revisar algunos expedientes dispuestos por la defensor\u00eda nacional, donde se aprovecho para dialogar con algunas personas privadas de la libertad, indic\u00f3, el Defensor del Pueblo en Sucumb\u00edos.<\/p>\n\n\n\n<p>Una de las necesidades que se pudo verificar en el centro carcelario, es la falencia de un sistema propio de agua potable, por ahora est\u00e1n siendo abastecidos mediante tanqueros desde la Empresa Publica de Agua Potable del cant\u00f3n Lago Agrio, inform\u00f3 la autoridad de la defensor\u00eda.<\/p>\n","protected":false},"excerpt":{"rendered":"<p>La Defensor\u00eda del Pueblo de Ecuador, frente a la masacre sin precedentes que se ha vivido en el Sistema de Rehabilitaci\u00f3n Social del pa\u00eds, expres\u00f3 su preocupaci\u00f3n por la falta de seguridad que vive el pa\u00eds, la cual se refleja el aumento de la delincuencia y violencia al interior de los centros carcelarios.<\/p>\n","protected":false},"author":2617,"featured_media":2805,"comment_status":"open","ping_status":"closed","sticky":false,"template":"","format":"standard","meta":{"footnotes":""},"categories":[3,5],"tags":[],"class_list":["post-2804","post","type-post","status-publish","format-standard","has-post-thumbnail","hentry","category-noticias","category-sucumbios"],"_links":{"self":[{"href":"https:\/\/radiosucumbios.org.ec\/index.php?rest_route=\/wp\/v2\/posts\/2804","targetHints":{"allow":["GET"]}}],"collection":[{"href":"https:\/\/radiosucumbios.org.ec\/index.php?rest_route=\/wp\/v2\/posts"}],"about":[{"href":"https:\/\/radiosucumbios.org.ec\/index.php?rest_route=\/wp\/v2\/types\/post"}],"author":[{"embeddable":true,"href":"https:\/\/radiosucumbios.org.ec\/index.php?rest_route=\/wp\/v2\/users\/2617"}],"replies":[{"embeddable":true,"href":"https:\/\/radiosucumbios.org.ec\/index.php?rest_route=%2Fwp%2Fv2%2Fcomments&post=2804"}],"version-history":[{"count":2,"href":"https:\/\/radiosucumbios.org.ec\/index.php?rest_route=\/wp\/v2\/posts\/2804\/revisions"}],"predecessor-version":[{"id":2807,"href":"https:\/\/radiosucumbios.org.ec\/index.php?rest_route=\/wp\/v2\/posts\/2804\/revisions\/2807"}],"wp:featuredmedia":[{"embeddable":true,"href":"https:\/\/radiosucumbios.org.ec\/index.php?rest_route=\/wp\/v2\/media\/2805"}],"wp:attachment":[{"href":"https:\/\/radiosucumbios.org.ec\/index.php?rest_route=%2Fwp%2Fv2%2Fmedia&parent=2804"}],"wp:term":[{"taxonomy":"category","embeddable":true,"href":"https:\/\/radiosucumbios.org.ec\/index.php?rest_route=%2Fwp%2Fv2%2Fcategories&post=2804"},{"taxonomy":"post_tag","embeddable":true,"href":"https:\/\/radiosucumbios.org.ec\/index.php?rest_route=%2Fwp%2Fv2%2Ftags&post=2804"}],"curies":[{"name":"wp","href":"https:\/\/api.w.org\/{rel}","templated":true}]}}