{"id":2818,"date":"2021-03-22T12:19:25","date_gmt":"2021-03-22T12:19:25","guid":{"rendered":"https:\/\/radiosucumbios.org.ec\/?p=2818"},"modified":"2021-03-22T13:06:50","modified_gmt":"2021-03-22T13:06:50","slug":"un-ano-sin-normalidad","status":"publish","type":"post","link":"https:\/\/radiosucumbios.org.ec\/?p=2818","title":{"rendered":"Un a\u00f1o sin normalidad"},"content":{"rendered":"\n<p class=\"has-drop-cap\">Ha pasado pr\u00e1cticamente un a\u00f1o, desde aquel anuncio estatal de que Ecuador ten\u00eda un primer caso confirmado de COVID-19, en Sucumb\u00edos se activ\u00f3 la alerta con el caso importado presentado en Cuyabeno, en donde las calles, se formaban filas en busca de mascarillas, alcohol, vitamina, etc.<\/p>\n\n\n\n<!--more-->\n\n\n\n<p class=\"has-text-align-justify\">El pasado 29 de febrero 2020, modific\u00f3 la vida social y econ\u00f3mica del Ecuador, sin duda con cambios buenos para unos sectores y lamentables para otros como los estudiantes y trabajadores. Seg\u00fan el Ministerio de Educaci\u00f3n existen 4.28 millones de estudiantes en todos los niveles, sin contar con los universitarios, para los cuales se implementaron programas de aulas virtuales, programa en donde aproximadamente 90.000 estudiantes no regresaron a las aulas; a \u00e9stas desalentadoras cifras, hay que sumarle qu\u00e9, <strong>seg\u00fan la Arcotel \u00fanicamente el 13,25% del ciudadano tiene acceso al internet fijo y solo el 56% posee internet m\u00f3vil.<\/strong> En \u00e9ste contexto, algo de l\u00f3gica tiene la UNICEF al recomendar que la escolaridad debe continuar con las medidas de bioseguridad necesarias.<\/p>\n\n\n\n<p class=\"has-text-align-justify\">El empleo, otro sector en decadencia por la pandemia, hay una serie de indicadores para demostrar \u00e9sta realidad, pero basta con mencionar las cifras del INEC detalladas en la encuesta (Enemdu \u2013 diciembre 2020), en donde se indica que, en diciembre 2020, solo 2 de cada 10 trabajadores ten\u00eda un empleo adecuado, impacto que continua siendo desproporcionado en cuesti\u00f3n de g\u00e9nero y oportunidades laborales.<\/p>\n\n\n\n<p class=\"has-text-align-justify\">Finalmente la pandemia engloba a la &nbsp;pobreza y extrema pobreza, indicadores que entre el 2019 y 2020 se incrementaron del 25% al 32.4% y&nbsp; la extrema pobreza&nbsp; del 8.9% al 14.9% en el mismo periodo; ya en t\u00e9rminos nominales, &nbsp;5.6 millones y 2.6 millones de ecuatorianos sobreviven &nbsp;actualmente con $84 y $47 mensuales respectivamente.<\/p>\n\n\n\n<p><strong>\u00a1LA VACUNA APREMIA!<\/strong><\/p>\n\n\n\n<div class=\"wp-block-image\"><figure class=\"aligncenter size-large is-resized\"><img loading=\"lazy\" decoding=\"async\" src=\"https:\/\/radiosucumbios.org.ec\/wp-content\/uploads\/2021\/03\/luis-tubon-1024x682.jpeg\" alt=\"\" class=\"wp-image-2819\" width=\"296\" height=\"197\" srcset=\"https:\/\/radiosucumbios.org.ec\/wp-content\/uploads\/2021\/03\/luis-tubon-1024x682.jpeg 1024w, https:\/\/radiosucumbios.org.ec\/wp-content\/uploads\/2021\/03\/luis-tubon-300x200.jpeg 300w, https:\/\/radiosucumbios.org.ec\/wp-content\/uploads\/2021\/03\/luis-tubon-768x512.jpeg 768w, https:\/\/radiosucumbios.org.ec\/wp-content\/uploads\/2021\/03\/luis-tubon.jpeg 1280w\" sizes=\"auto, (max-width: 296px) 100vw, 296px\" \/><figcaption><em>Comentario por MsC. Luis Tub\u00f3n<\/em><\/figcaption><\/figure><\/div>\n\n\n\n<p><\/p>\n","protected":false},"excerpt":{"rendered":"<p>Ha pasado pr\u00e1cticamente un a\u00f1o, desde aquel anuncio estatal de que Ecuador ten\u00eda un primer caso confirmado de COVID-19, en Sucumb\u00edos se activ\u00f3 la alerta con el caso importado presentado en Cuyabeno, en donde las calles, se formaban filas en busca de mascarillas, alcohol, vitamina, etc.<\/p>\n","protected":false},"author":2617,"featured_media":2828,"comment_status":"open","ping_status":"closed","sticky":false,"template":"","format":"standard","meta":{"footnotes":""},"categories":[98],"tags":[],"class_list":["post-2818","post","type-post","status-publish","format-standard","has-post-thumbnail","hentry","category-opinion"],"_links":{"self":[{"href":"https:\/\/radiosucumbios.org.ec\/index.php?rest_route=\/wp\/v2\/posts\/2818","targetHints":{"allow":["GET"]}}],"collection":[{"href":"https:\/\/radiosucumbios.org.ec\/index.php?rest_route=\/wp\/v2\/posts"}],"about":[{"href":"https:\/\/radiosucumbios.org.ec\/index.php?rest_route=\/wp\/v2\/types\/post"}],"author":[{"embeddable":true,"href":"https:\/\/radiosucumbios.org.ec\/index.php?rest_route=\/wp\/v2\/users\/2617"}],"replies":[{"embeddable":true,"href":"https:\/\/radiosucumbios.org.ec\/index.php?rest_route=%2Fwp%2Fv2%2Fcomments&post=2818"}],"version-history":[{"count":7,"href":"https:\/\/radiosucumbios.org.ec\/index.php?rest_route=\/wp\/v2\/posts\/2818\/revisions"}],"predecessor-version":[{"id":2833,"href":"https:\/\/radiosucumbios.org.ec\/index.php?rest_route=\/wp\/v2\/posts\/2818\/revisions\/2833"}],"wp:featuredmedia":[{"embeddable":true,"href":"https:\/\/radiosucumbios.org.ec\/index.php?rest_route=\/wp\/v2\/media\/2828"}],"wp:attachment":[{"href":"https:\/\/radiosucumbios.org.ec\/index.php?rest_route=%2Fwp%2Fv2%2Fmedia&parent=2818"}],"wp:term":[{"taxonomy":"category","embeddable":true,"href":"https:\/\/radiosucumbios.org.ec\/index.php?rest_route=%2Fwp%2Fv2%2Fcategories&post=2818"},{"taxonomy":"post_tag","embeddable":true,"href":"https:\/\/radiosucumbios.org.ec\/index.php?rest_route=%2Fwp%2Fv2%2Ftags&post=2818"}],"curies":[{"name":"wp","href":"https:\/\/api.w.org\/{rel}","templated":true}]}}