{"id":2839,"date":"2021-03-23T12:14:01","date_gmt":"2021-03-23T12:14:01","guid":{"rendered":"https:\/\/radiosucumbios.org.ec\/?p=2839"},"modified":"2021-03-23T12:14:06","modified_gmt":"2021-03-23T12:14:06","slug":"el-consejo-de-proteccion-de-derechos-de-lago-agrio-tiene-nuevo-integrantes","status":"publish","type":"post","link":"https:\/\/radiosucumbios.org.ec\/?p=2839","title":{"rendered":"El consejo de protecci\u00f3n de derechos de Lago Agrio tiene nuevo integrantes"},"content":{"rendered":"\n<p>En un acto formal, fueron presentados los nuevos miembros de sociedad civil que integran el Consejo Cantonal de Protecci\u00f3n de Derechos del cant\u00f3n Lago Agrio, para el periodo 2021-2023, ellos cumplir\u00e1n sus funciones de acuerdo a sus competencias que rige en el reglamento del Consejo de Derechos.<\/p>\n\n\n\n<!--more-->\n\n\n\n<p><br>Esta acci\u00f3n se llev\u00f3 a cabo para tener una sociedad civil involucrada en la gesti\u00f3n p\u00fablica a trav\u00e9s de los espacios de participaci\u00f3n ciudadana y as\u00ed, garantizar los derechos de los grupos prioritarios que muchas veces son vulneradas por falta de conocimiento o acompa\u00f1amiento.<\/p>\n\n\n\n<p><br>El presidente del Comisi\u00f3n de Igualdad de G\u00e9nero, del Gobierno Municipal del cant\u00f3n Lago Agrio, concejal Arcadio Bustos, explic\u00f3 que la elecci\u00f3n de sus miembros al Consejo Cantonal de Derechos, se lo ha hecho con total transparencia, enmarcados en la normas.<\/p>\n\n\n\n<p><br>Conforme lo se\u00f1ala la Ordenanza de organizaci\u00f3n del Sistema de Protecci\u00f3n Integral Cantonal, el Consejo de Protecci\u00f3n de Derechos, se constituye de manera paritaria por representantes del Estado y Sociedad Civil, para lo cual se cumpli\u00f3 un proceso, indic\u00f3 la ingeniera Le\u00edda Armijos, secretaria de Consejo Cantonal de Derechos.<\/p>\n\n\n\n<p><br>Abraham Freire, alcalde del cant\u00f3n Lago Agrio, expres\u00f3 que la alcald\u00eda siempre respaldar\u00e1 al Consejo, para que tenga las condiciones necesarias para trabajar a favor de la ni\u00f1ez, adolescencia y adultos mayores del cant\u00f3n.<\/p>\n","protected":false},"excerpt":{"rendered":"<p>En un acto formal, fueron presentados los nuevos miembros de sociedad civil que integran el Consejo Cantonal de Protecci\u00f3n de Derechos del cant\u00f3n Lago Agrio, para el periodo 2021-2023, ellos cumplir\u00e1n sus funciones de acuerdo a sus competencias que rige en el reglamento del Consejo de Derechos.<\/p>\n","protected":false},"author":2617,"featured_media":2840,"comment_status":"open","ping_status":"closed","sticky":false,"template":"","format":"standard","meta":{"footnotes":""},"categories":[3,5],"tags":[],"class_list":["post-2839","post","type-post","status-publish","format-standard","has-post-thumbnail","hentry","category-noticias","category-sucumbios"],"_links":{"self":[{"href":"https:\/\/radiosucumbios.org.ec\/index.php?rest_route=\/wp\/v2\/posts\/2839","targetHints":{"allow":["GET"]}}],"collection":[{"href":"https:\/\/radiosucumbios.org.ec\/index.php?rest_route=\/wp\/v2\/posts"}],"about":[{"href":"https:\/\/radiosucumbios.org.ec\/index.php?rest_route=\/wp\/v2\/types\/post"}],"author":[{"embeddable":true,"href":"https:\/\/radiosucumbios.org.ec\/index.php?rest_route=\/wp\/v2\/users\/2617"}],"replies":[{"embeddable":true,"href":"https:\/\/radiosucumbios.org.ec\/index.php?rest_route=%2Fwp%2Fv2%2Fcomments&post=2839"}],"version-history":[{"count":1,"href":"https:\/\/radiosucumbios.org.ec\/index.php?rest_route=\/wp\/v2\/posts\/2839\/revisions"}],"predecessor-version":[{"id":2841,"href":"https:\/\/radiosucumbios.org.ec\/index.php?rest_route=\/wp\/v2\/posts\/2839\/revisions\/2841"}],"wp:featuredmedia":[{"embeddable":true,"href":"https:\/\/radiosucumbios.org.ec\/index.php?rest_route=\/wp\/v2\/media\/2840"}],"wp:attachment":[{"href":"https:\/\/radiosucumbios.org.ec\/index.php?rest_route=%2Fwp%2Fv2%2Fmedia&parent=2839"}],"wp:term":[{"taxonomy":"category","embeddable":true,"href":"https:\/\/radiosucumbios.org.ec\/index.php?rest_route=%2Fwp%2Fv2%2Fcategories&post=2839"},{"taxonomy":"post_tag","embeddable":true,"href":"https:\/\/radiosucumbios.org.ec\/index.php?rest_route=%2Fwp%2Fv2%2Ftags&post=2839"}],"curies":[{"name":"wp","href":"https:\/\/api.w.org\/{rel}","templated":true}]}}