{"id":2843,"date":"2021-04-13T11:57:59","date_gmt":"2021-04-13T11:57:59","guid":{"rendered":"https:\/\/radiosucumbios.org.ec\/?p=2843"},"modified":"2021-04-13T11:58:04","modified_gmt":"2021-04-13T11:58:04","slug":"repunte-de-contagios-en-sucumbios","status":"publish","type":"post","link":"https:\/\/radiosucumbios.org.ec\/?p=2843","title":{"rendered":"Repunte de contagios en Sucumb\u00edos"},"content":{"rendered":"\n<p>Ante el vertiginoso repunte de casos de covid 19, el gobernador de la provincia convoc\u00f3 ayer a la mesa t\u00e9cnica de salud para analizar la situaci\u00f3n adoptar resoluciones<\/p>\n\n\n\n<!--more-->\n\n\n\n<p>El gobernador \u00c1lvaro Beltr\u00e1n confirma que de enero a marzo del presente a\u00f1o se registran 942 casos positivos de covid 19. Pero en la primera semana de abril se registraron 524 nuevos casos positivos de coronavirus<\/p>\n\n\n\n<p>La mesa t\u00e9cnica dos de salud del COE Provincial, resolvi\u00f3 oficiar a los alcaldes y alcaldesa de los cantones para que acaten los exhortos emitidos por el COE nacional y adopten resoluciones en funci\u00f3n de frenar la propagaci\u00f3n del covid 19<\/p>\n\n\n\n<p>As\u00ed mismo el hospital Marco Vinicio iza reporta 16 casos cr\u00edticos de personas que se encuentran en la unidad de cuidados intensivos; la tasa de mortalidad tambi\u00e9n se increment\u00f3 en la provincia, agrega el gobernador<\/p>\n","protected":false},"excerpt":{"rendered":"<p>Ante el vertiginoso repunte de casos de covid 19, el gobernador de la provincia convoc\u00f3 ayer a la mesa t\u00e9cnica de salud para analizar la situaci\u00f3n adoptar resoluciones<\/p>\n","protected":false},"author":2617,"featured_media":2844,"comment_status":"open","ping_status":"closed","sticky":false,"template":"","format":"standard","meta":{"footnotes":""},"categories":[3],"tags":[],"class_list":["post-2843","post","type-post","status-publish","format-standard","has-post-thumbnail","hentry","category-noticias"],"_links":{"self":[{"href":"https:\/\/radiosucumbios.org.ec\/index.php?rest_route=\/wp\/v2\/posts\/2843","targetHints":{"allow":["GET"]}}],"collection":[{"href":"https:\/\/radiosucumbios.org.ec\/index.php?rest_route=\/wp\/v2\/posts"}],"about":[{"href":"https:\/\/radiosucumbios.org.ec\/index.php?rest_route=\/wp\/v2\/types\/post"}],"author":[{"embeddable":true,"href":"https:\/\/radiosucumbios.org.ec\/index.php?rest_route=\/wp\/v2\/users\/2617"}],"replies":[{"embeddable":true,"href":"https:\/\/radiosucumbios.org.ec\/index.php?rest_route=%2Fwp%2Fv2%2Fcomments&post=2843"}],"version-history":[{"count":1,"href":"https:\/\/radiosucumbios.org.ec\/index.php?rest_route=\/wp\/v2\/posts\/2843\/revisions"}],"predecessor-version":[{"id":2846,"href":"https:\/\/radiosucumbios.org.ec\/index.php?rest_route=\/wp\/v2\/posts\/2843\/revisions\/2846"}],"wp:featuredmedia":[{"embeddable":true,"href":"https:\/\/radiosucumbios.org.ec\/index.php?rest_route=\/wp\/v2\/media\/2844"}],"wp:attachment":[{"href":"https:\/\/radiosucumbios.org.ec\/index.php?rest_route=%2Fwp%2Fv2%2Fmedia&parent=2843"}],"wp:term":[{"taxonomy":"category","embeddable":true,"href":"https:\/\/radiosucumbios.org.ec\/index.php?rest_route=%2Fwp%2Fv2%2Fcategories&post=2843"},{"taxonomy":"post_tag","embeddable":true,"href":"https:\/\/radiosucumbios.org.ec\/index.php?rest_route=%2Fwp%2Fv2%2Ftags&post=2843"}],"curies":[{"name":"wp","href":"https:\/\/api.w.org\/{rel}","templated":true}]}}