{"id":2851,"date":"2021-04-14T12:29:36","date_gmt":"2021-04-14T12:29:36","guid":{"rendered":"https:\/\/radiosucumbios.org.ec\/?p=2851"},"modified":"2021-04-14T15:00:19","modified_gmt":"2021-04-14T15:00:19","slug":"un-patrullero-de-la-policia-nacional-fue-quemado-por-la-poblacion-en-general-farfan-lago-agrio","status":"publish","type":"post","link":"https:\/\/radiosucumbios.org.ec\/?p=2851","title":{"rendered":"Incidentes en General Farf\u00e1n polic\u00eda relaciona con contrabando de combustibles"},"content":{"rendered":"\n<p>Pasado las 18h00, el martes 13 de abril de 2021, la Polic\u00eda report\u00f3 incidentes entre uniformados y grupos de la poblaci\u00f3n en la parroquia fronteriza entre Ecuador y Colombia, General Farf\u00e1n, cant\u00f3n Lago Agrio, provincia de Sucumb\u00edos.<\/p>\n\n\n\n<!--more-->\n\n\n\n<p>Durante estos enfrentamientos, se han registrado da\u00f1os a las instalaciones de la Unidad de la Polic\u00eda Comunitaria, UPC, la incineraci\u00f3n de un veh\u00edculo institucional. Al lugar llegaron miembros de las Fuerzas Armadas para control los hechos.<\/p>\n\n\n\n<p>El comandante de Polic\u00eda en Sucumb\u00edos, coronel Mario Fuentes, se\u00f1al\u00f3 que este impase se habr\u00eda provocado, luego que el personal policial de antinarc\u00f3ticos mediante operativos procedi\u00f3 a detener un veh\u00edculo que transportaba tanques de combustibles.<\/p>\n\n\n\n<p>Mientras se trasladaba al detenido varios moradores del sector habr\u00edan reaccionado indebidamente intentando impedir que sea trasladado el ciudadano aprendido hacia la ciudad de Nueva Loja, al no conseguir el objetivo, los pobladores procedieron a incendiar el veh\u00edculo institucional.<\/p>\n\n\n\n<p>La autoridad policial, advierte que van a iniciar las investigaciones para dar con el paradero de los responsables de los hechos violes ya que tiene identificados gracias a las c\u00e1maras de video vigilancia del ECU 911. El ciudadano que transportaba el combustible se encuentra detenido \u00f3rdenes de las autoridades.<\/p>\n","protected":false},"excerpt":{"rendered":"<p>Pasado las 18h00, el martes 13 de abril de 2021, la Polic\u00eda report\u00f3 incidentes entre uniformados y grupos de la poblaci\u00f3n en la parroquia fronteriza entre Ecuador y Colombia, General Farf\u00e1n, cant\u00f3n Lago Agrio, provincia de Sucumb\u00edos.<\/p>\n","protected":false},"author":2617,"featured_media":2852,"comment_status":"open","ping_status":"closed","sticky":false,"template":"","format":"standard","meta":{"footnotes":""},"categories":[3,5],"tags":[],"class_list":["post-2851","post","type-post","status-publish","format-standard","has-post-thumbnail","hentry","category-noticias","category-sucumbios"],"_links":{"self":[{"href":"https:\/\/radiosucumbios.org.ec\/index.php?rest_route=\/wp\/v2\/posts\/2851","targetHints":{"allow":["GET"]}}],"collection":[{"href":"https:\/\/radiosucumbios.org.ec\/index.php?rest_route=\/wp\/v2\/posts"}],"about":[{"href":"https:\/\/radiosucumbios.org.ec\/index.php?rest_route=\/wp\/v2\/types\/post"}],"author":[{"embeddable":true,"href":"https:\/\/radiosucumbios.org.ec\/index.php?rest_route=\/wp\/v2\/users\/2617"}],"replies":[{"embeddable":true,"href":"https:\/\/radiosucumbios.org.ec\/index.php?rest_route=%2Fwp%2Fv2%2Fcomments&post=2851"}],"version-history":[{"count":4,"href":"https:\/\/radiosucumbios.org.ec\/index.php?rest_route=\/wp\/v2\/posts\/2851\/revisions"}],"predecessor-version":[{"id":2858,"href":"https:\/\/radiosucumbios.org.ec\/index.php?rest_route=\/wp\/v2\/posts\/2851\/revisions\/2858"}],"wp:featuredmedia":[{"embeddable":true,"href":"https:\/\/radiosucumbios.org.ec\/index.php?rest_route=\/wp\/v2\/media\/2852"}],"wp:attachment":[{"href":"https:\/\/radiosucumbios.org.ec\/index.php?rest_route=%2Fwp%2Fv2%2Fmedia&parent=2851"}],"wp:term":[{"taxonomy":"category","embeddable":true,"href":"https:\/\/radiosucumbios.org.ec\/index.php?rest_route=%2Fwp%2Fv2%2Fcategories&post=2851"},{"taxonomy":"post_tag","embeddable":true,"href":"https:\/\/radiosucumbios.org.ec\/index.php?rest_route=%2Fwp%2Fv2%2Ftags&post=2851"}],"curies":[{"name":"wp","href":"https:\/\/api.w.org\/{rel}","templated":true}]}}