{"id":2928,"date":"2021-10-08T13:12:19","date_gmt":"2021-10-08T13:12:19","guid":{"rendered":"https:\/\/radiosucumbios.org.ec\/?p=2928"},"modified":"2021-10-08T13:12:21","modified_gmt":"2021-10-08T13:12:21","slug":"dos-anos-del-colectivo-de-lucha-y-de-los-presos-politicos-de-sucumbios","status":"publish","type":"post","link":"https:\/\/radiosucumbios.org.ec\/?p=2928","title":{"rendered":"Dos a\u00f1os del colectivo de lucha y de los presos pol\u00edticos de Sucumb\u00edos"},"content":{"rendered":"\n<p>En horas de la ma\u00f1ana del jueves 7 de octubre del 2021, se llev\u00f3 a efecto la marcha pac\u00edfica en protesta de los hechos suscitados en octubre del 2019, adem\u00e1s de exigir la libertad de los 3 presos pol\u00edtico de Sucumb\u00edos que a\u00fan est\u00e1n privados de libertad en la c\u00e1rcel se Sucumb\u00edos.&nbsp;<\/p>\n\n\n\n<!--more-->\n\n\n\n<p>Don Jos\u00e9 Alejandro uno de los ciudadanos fundadores de Lago Agrio recuerda este suceso como un acto de lucha en contra de la represi\u00f3n a los derechos de los sucumbieses.<\/p>\n\n\n\n<p>Entre unos de los manifestantes se encontraba German Pachacama, hermano de Roberto Pachacama uno de los presos pol\u00edticos detenido en las protestas del mes de octubre del 2019, en su intervenci\u00f3n manifest\u00f3 que, su hermano no aprueba el proceso de indulto porque considera que no deber\u00eda disculparse por exigir los derechos Edison bravo, delegado del gobernador recibi\u00f3 la documentaci\u00f3n que, en su intervenci\u00f3n menciono las actividades que se ha venido gestionando la gobernaci\u00f3n de Sucumb\u00edos con el presidente de la Republica en el tema de los 3 presos pol\u00edticos de Sucumb\u00edos<\/p>\n","protected":false},"excerpt":{"rendered":"<p>En horas de la ma\u00f1ana del jueves 7 de octubre del 2021, se llev\u00f3 a efecto la marcha pac\u00edfica en protesta de los hechos suscitados en octubre del 2019, adem\u00e1s de exigir la libertad de los 3 presos pol\u00edtico de Sucumb\u00edos que a\u00fan est\u00e1n privados de libertad en la c\u00e1rcel se Sucumb\u00edos.&nbsp;<\/p>\n","protected":false},"author":2617,"featured_media":2929,"comment_status":"open","ping_status":"closed","sticky":false,"template":"","format":"standard","meta":{"footnotes":""},"categories":[58,3,5],"tags":[],"class_list":["post-2928","post","type-post","status-publish","format-standard","has-post-thumbnail","hentry","category-comunidad","category-noticias","category-sucumbios"],"_links":{"self":[{"href":"https:\/\/radiosucumbios.org.ec\/index.php?rest_route=\/wp\/v2\/posts\/2928","targetHints":{"allow":["GET"]}}],"collection":[{"href":"https:\/\/radiosucumbios.org.ec\/index.php?rest_route=\/wp\/v2\/posts"}],"about":[{"href":"https:\/\/radiosucumbios.org.ec\/index.php?rest_route=\/wp\/v2\/types\/post"}],"author":[{"embeddable":true,"href":"https:\/\/radiosucumbios.org.ec\/index.php?rest_route=\/wp\/v2\/users\/2617"}],"replies":[{"embeddable":true,"href":"https:\/\/radiosucumbios.org.ec\/index.php?rest_route=%2Fwp%2Fv2%2Fcomments&post=2928"}],"version-history":[{"count":1,"href":"https:\/\/radiosucumbios.org.ec\/index.php?rest_route=\/wp\/v2\/posts\/2928\/revisions"}],"predecessor-version":[{"id":2930,"href":"https:\/\/radiosucumbios.org.ec\/index.php?rest_route=\/wp\/v2\/posts\/2928\/revisions\/2930"}],"wp:featuredmedia":[{"embeddable":true,"href":"https:\/\/radiosucumbios.org.ec\/index.php?rest_route=\/wp\/v2\/media\/2929"}],"wp:attachment":[{"href":"https:\/\/radiosucumbios.org.ec\/index.php?rest_route=%2Fwp%2Fv2%2Fmedia&parent=2928"}],"wp:term":[{"taxonomy":"category","embeddable":true,"href":"https:\/\/radiosucumbios.org.ec\/index.php?rest_route=%2Fwp%2Fv2%2Fcategories&post=2928"},{"taxonomy":"post_tag","embeddable":true,"href":"https:\/\/radiosucumbios.org.ec\/index.php?rest_route=%2Fwp%2Fv2%2Ftags&post=2928"}],"curies":[{"name":"wp","href":"https:\/\/api.w.org\/{rel}","templated":true}]}}