{"id":2931,"date":"2021-10-11T12:15:54","date_gmt":"2021-10-11T12:15:54","guid":{"rendered":"https:\/\/radiosucumbios.org.ec\/?p=2931"},"modified":"2021-10-11T12:15:57","modified_gmt":"2021-10-11T12:15:57","slug":"encuentro-de-saberes-y-sabores-en-cascales","status":"publish","type":"post","link":"https:\/\/radiosucumbios.org.ec\/?p=2931","title":{"rendered":"Encuentro de saberes y sabores en Cascales"},"content":{"rendered":"\n<p>Con el af\u00e1n de reactivar la econom\u00eda local, el GAD Municipal de Cascales celebr\u00f3 el pasado s\u00e1bado 9 de octubre de 2021 el \u00abV encuentro de Saberes y Sabores\u00bb Ancestrales Culturales de las Nacionalidades y Pueblo Afro descendiente<\/p>\n\n\n\n<!--more-->\n\n\n\n<p>El encuentro gastron\u00f3mico que se llev\u00f3 acabo frente el mercado del cant\u00f3n, reuni\u00f3 una gran variedad de productos de la zona y artesanales.<\/p>\n\n\n\n<p>Hubo una variedad de productos, entre los emprendedores se encontraba la se\u00f1ora Marta Manitio ofreciendo colada morada de motil\u00f3n, quien se\u00f1alo que este tipo de eventos son de gran ayuda para los cascales\u00f1os.<\/p>\n","protected":false},"excerpt":{"rendered":"<p>Con el af\u00e1n de reactivar la econom\u00eda local, el GAD Municipal de Cascales celebr\u00f3 el pasado s\u00e1bado 9 de octubre de 2021 el \u00abV encuentro de Saberes y Sabores\u00bb Ancestrales Culturales de las Nacionalidades y Pueblo Afro descendiente<\/p>\n","protected":false},"author":2617,"featured_media":2932,"comment_status":"open","ping_status":"closed","sticky":false,"template":"","format":"standard","meta":{"footnotes":""},"categories":[58,3,5],"tags":[],"class_list":["post-2931","post","type-post","status-publish","format-standard","has-post-thumbnail","hentry","category-comunidad","category-noticias","category-sucumbios"],"_links":{"self":[{"href":"https:\/\/radiosucumbios.org.ec\/index.php?rest_route=\/wp\/v2\/posts\/2931","targetHints":{"allow":["GET"]}}],"collection":[{"href":"https:\/\/radiosucumbios.org.ec\/index.php?rest_route=\/wp\/v2\/posts"}],"about":[{"href":"https:\/\/radiosucumbios.org.ec\/index.php?rest_route=\/wp\/v2\/types\/post"}],"author":[{"embeddable":true,"href":"https:\/\/radiosucumbios.org.ec\/index.php?rest_route=\/wp\/v2\/users\/2617"}],"replies":[{"embeddable":true,"href":"https:\/\/radiosucumbios.org.ec\/index.php?rest_route=%2Fwp%2Fv2%2Fcomments&post=2931"}],"version-history":[{"count":1,"href":"https:\/\/radiosucumbios.org.ec\/index.php?rest_route=\/wp\/v2\/posts\/2931\/revisions"}],"predecessor-version":[{"id":2933,"href":"https:\/\/radiosucumbios.org.ec\/index.php?rest_route=\/wp\/v2\/posts\/2931\/revisions\/2933"}],"wp:featuredmedia":[{"embeddable":true,"href":"https:\/\/radiosucumbios.org.ec\/index.php?rest_route=\/wp\/v2\/media\/2932"}],"wp:attachment":[{"href":"https:\/\/radiosucumbios.org.ec\/index.php?rest_route=%2Fwp%2Fv2%2Fmedia&parent=2931"}],"wp:term":[{"taxonomy":"category","embeddable":true,"href":"https:\/\/radiosucumbios.org.ec\/index.php?rest_route=%2Fwp%2Fv2%2Fcategories&post=2931"},{"taxonomy":"post_tag","embeddable":true,"href":"https:\/\/radiosucumbios.org.ec\/index.php?rest_route=%2Fwp%2Fv2%2Ftags&post=2931"}],"curies":[{"name":"wp","href":"https:\/\/api.w.org\/{rel}","templated":true}]}}