{"id":3024,"date":"2021-11-12T22:28:17","date_gmt":"2021-11-12T22:28:17","guid":{"rendered":"https:\/\/radiosucumbios.org.ec\/?p=3024"},"modified":"2021-11-12T22:28:18","modified_gmt":"2021-11-12T22:28:18","slug":"planteles-educativos-mantienen-a-la-expectativa-para-un-posible-retorno-a-clases-presenciales","status":"publish","type":"post","link":"https:\/\/radiosucumbios.org.ec\/?p=3024","title":{"rendered":"Planteles educativos mantienen a la expectativa para un posible retorno a clases presenciales"},"content":{"rendered":"\n<p>La ministra de educaci\u00f3n, Mar\u00eda Brown, anunci\u00f3 la propuesta que se ha presentado a la Mesa de Salud del COE Nacional para arrancar con el retorno obligatorio a las clases desde el mes de noviembre; el proceso culminar\u00eda en enero 2022 con el regreso de los ni\u00f1os y ni\u00f1as de educaci\u00f3n inicial. En la Unidad Educativa Pacayacu inicio con el bachillerato.<\/p>\n\n\n\n<!--more-->\n\n\n\n<p>Sin embargo, algunos planteles educativos no est\u00e1n en condiciones de recibir a los alumnos, hasta que no se haga un mantenimiento de las aulas y algunos espacios recreativos que por el abandono est\u00e1n deterioradas.<\/p>\n\n\n\n<p>Cecibel S\u00e1nchez, tienen una hija en el d\u00e9cimo a\u00f1o en la Unidad Educativa Pacayacu, a su criterio, y a pesar de la pandemia considera que sus hijos necesitan regresar a clases presenciales para que pueda recibir clases con el apoyo de los maestros.&nbsp; &nbsp;<\/p>\n\n\n\n<p>El licenciado Jos\u00e9 Flores, docente de la Unidad, manifiesta de la importancia de regresar a clases presenciales, ya que algunos estudiantes han presentado dificultades y podr\u00e1n recuperar, pero el temor del contagio del COVID-19 todav\u00eda existe y se tendr\u00e1 que seguir utilizando las medidas de bioseguridad.<\/p>\n\n\n\n<p>La ausencia de ni\u00f1os en los espacios de recreaci\u00f3n del plantel educativo ha hecho que se deterioren, las aulas se han podido mantener y est\u00e1n preparados para recibir a los alumnos de acuerdo a las disposiciones del Ministerio de Educaci\u00f3n, indic\u00f3 la licenciada, Margarita Mosquera.<\/p>\n","protected":false},"excerpt":{"rendered":"<p>La ministra de educaci\u00f3n, Mar\u00eda Brown, anunci\u00f3 la propuesta que se ha presentado a la Mesa de Salud del COE Nacional para arrancar con el retorno obligatorio a las clases desde el mes de noviembre; el proceso culminar\u00eda en enero 2022 con el regreso de los ni\u00f1os y ni\u00f1as de educaci\u00f3n inicial. En la Unidad [&hellip;]<\/p>\n","protected":false},"author":2617,"featured_media":955,"comment_status":"open","ping_status":"closed","sticky":false,"template":"","format":"standard","meta":{"footnotes":""},"categories":[3,5],"tags":[],"class_list":["post-3024","post","type-post","status-publish","format-standard","has-post-thumbnail","hentry","category-noticias","category-sucumbios"],"_links":{"self":[{"href":"https:\/\/radiosucumbios.org.ec\/index.php?rest_route=\/wp\/v2\/posts\/3024","targetHints":{"allow":["GET"]}}],"collection":[{"href":"https:\/\/radiosucumbios.org.ec\/index.php?rest_route=\/wp\/v2\/posts"}],"about":[{"href":"https:\/\/radiosucumbios.org.ec\/index.php?rest_route=\/wp\/v2\/types\/post"}],"author":[{"embeddable":true,"href":"https:\/\/radiosucumbios.org.ec\/index.php?rest_route=\/wp\/v2\/users\/2617"}],"replies":[{"embeddable":true,"href":"https:\/\/radiosucumbios.org.ec\/index.php?rest_route=%2Fwp%2Fv2%2Fcomments&post=3024"}],"version-history":[{"count":1,"href":"https:\/\/radiosucumbios.org.ec\/index.php?rest_route=\/wp\/v2\/posts\/3024\/revisions"}],"predecessor-version":[{"id":3025,"href":"https:\/\/radiosucumbios.org.ec\/index.php?rest_route=\/wp\/v2\/posts\/3024\/revisions\/3025"}],"wp:featuredmedia":[{"embeddable":true,"href":"https:\/\/radiosucumbios.org.ec\/index.php?rest_route=\/wp\/v2\/media\/955"}],"wp:attachment":[{"href":"https:\/\/radiosucumbios.org.ec\/index.php?rest_route=%2Fwp%2Fv2%2Fmedia&parent=3024"}],"wp:term":[{"taxonomy":"category","embeddable":true,"href":"https:\/\/radiosucumbios.org.ec\/index.php?rest_route=%2Fwp%2Fv2%2Fcategories&post=3024"},{"taxonomy":"post_tag","embeddable":true,"href":"https:\/\/radiosucumbios.org.ec\/index.php?rest_route=%2Fwp%2Fv2%2Ftags&post=3024"}],"curies":[{"name":"wp","href":"https:\/\/api.w.org\/{rel}","templated":true}]}}