{"id":3028,"date":"2021-11-16T18:04:26","date_gmt":"2021-11-16T18:04:26","guid":{"rendered":"https:\/\/radiosucumbios.org.ec\/?p=3028"},"modified":"2021-11-16T18:04:30","modified_gmt":"2021-11-16T18:04:30","slug":"comuna-ai-cofan-sinangoe-registro-historica-audiencia-en-su-territorio-con-jueces-de-la-corte-constitucional","status":"publish","type":"post","link":"https:\/\/radiosucumbios.org.ec\/?p=3028","title":{"rendered":"Comuna A\u2019i Cofan Sinangoe registr\u00f3 hist\u00f3rica audiencia en su territorio con jueces de la corte constitucional"},"content":{"rendered":"\n<p>El 15 de noviembre de 2021, en la comuna AI Cofan de Sinangoe en el cant\u00f3n Gonzalo Pizarro provincia de Sucumb\u00edos se registr\u00f3 un hecho hist\u00f3rico, al llegar al territorio 5 de los 9 jueces de la Corte Constitucional, Daniela Salazar, Carla Andrade, Ramiro \u00c1vila, Agust\u00edn Grijalba y Aly Lozano, para cumplir con la audiencia p\u00fablica de Animus Curiae.<\/p>\n\n\n\n<!--more-->\n\n\n\n<div class=\"wp-block-jetpack-tiled-gallery aligncenter is-style-rectangular\"><div class=\"tiled-gallery__gallery\"><div class=\"tiled-gallery__row\"><div class=\"tiled-gallery__col\" style=\"flex-basis:50%\"><figure class=\"tiled-gallery__item\"><img decoding=\"async\" alt=\"\" data-height=\"650\" data-id=\"3031\" data-link=\"https:\/\/radiosucumbios.org.ec\/?attachment_id=3031\" data-url=\"https:\/\/radiosucumbios.org.ec\/wp-content\/uploads\/2021\/11\/jueces.jpeg\" data-width=\"1156\" src=\"https:\/\/i2.wp.com\/radiosucumbios.org.ec\/wp-content\/uploads\/2021\/11\/jueces.jpeg?ssl=1\" layout=\"responsive\"\/><\/figure><\/div><div class=\"tiled-gallery__col\" style=\"flex-basis:50%\"><figure class=\"tiled-gallery__item\"><img decoding=\"async\" alt=\"\" data-height=\"650\" data-id=\"3032\" data-link=\"https:\/\/radiosucumbios.org.ec\/?attachment_id=3032\" data-url=\"https:\/\/radiosucumbios.org.ec\/wp-content\/uploads\/2021\/11\/audiencia.jpeg\" data-width=\"1156\" src=\"https:\/\/i2.wp.com\/radiosucumbios.org.ec\/wp-content\/uploads\/2021\/11\/audiencia.jpeg?ssl=1\" layout=\"responsive\"\/><\/figure><\/div><\/div><div class=\"tiled-gallery__row\"><div class=\"tiled-gallery__col\" style=\"flex-basis:33.333333333333336%\"><figure class=\"tiled-gallery__item\"><img decoding=\"async\" alt=\"\" data-height=\"650\" data-id=\"3033\" data-link=\"https:\/\/radiosucumbios.org.ec\/?attachment_id=3033\" data-url=\"https:\/\/radiosucumbios.org.ec\/wp-content\/uploads\/2021\/11\/leonidas-iza.jpeg\" data-width=\"1156\" src=\"https:\/\/i1.wp.com\/radiosucumbios.org.ec\/wp-content\/uploads\/2021\/11\/leonidas-iza.jpeg?ssl=1\" layout=\"responsive\"\/><\/figure><\/div><div class=\"tiled-gallery__col\" style=\"flex-basis:33.333333333333336%\"><figure class=\"tiled-gallery__item\"><img decoding=\"async\" alt=\"\" data-height=\"650\" data-id=\"3034\" data-link=\"https:\/\/radiosucumbios.org.ec\/?attachment_id=3034\" data-url=\"https:\/\/radiosucumbios.org.ec\/wp-content\/uploads\/2021\/11\/audiencia2.jpeg\" data-width=\"1156\" src=\"https:\/\/i0.wp.com\/radiosucumbios.org.ec\/wp-content\/uploads\/2021\/11\/audiencia2.jpeg?ssl=1\" layout=\"responsive\"\/><\/figure><\/div><div class=\"tiled-gallery__col\" style=\"flex-basis:33.333333333333336%\"><figure class=\"tiled-gallery__item\"><img decoding=\"async\" alt=\"\" data-height=\"650\" data-id=\"3035\" data-link=\"https:\/\/radiosucumbios.org.ec\/?attachment_id=3035\" data-url=\"https:\/\/radiosucumbios.org.ec\/wp-content\/uploads\/2021\/11\/vestimenta.jpeg\" data-width=\"1156\" src=\"https:\/\/i1.wp.com\/radiosucumbios.org.ec\/wp-content\/uploads\/2021\/11\/vestimenta.jpeg?ssl=1\" layout=\"responsive\"\/><\/figure><\/div><\/div><\/div><\/div>\n\n\n\n<p>Dentro de esta audiencia tambi\u00e9n participaron la Defensor\u00eda del Pueblo, abogado del Ministerio de Energ\u00eda Recursos Naturales no Renovables, MAE, la Agencia de Regulaci\u00f3n y Control Minero, la Procuradur\u00eda. En muestra de respaldo llegaron organizaciones de derechos humanos, delegaciones de pueblos y nacionalidades ind\u00edgenas de todo el pa\u00eds, representado por la CONAIE y la CONFENAIE.<\/p>\n\n\n\n<p>V\u00edctor Quenama, presidente de la Nacionalidad AI Cofan de Sinagoe, dijo que aspiran que los jueces de la Corte, con su decisi\u00f3n garantice a que los pueblos ind\u00edgenas la consulta previa y vinculante o al consentimiento de las comunidades.&nbsp;&nbsp;&nbsp;&nbsp;&nbsp;&nbsp;&nbsp;&nbsp;&nbsp;<\/p>\n\n\n\n<p>Marlon Vargas presidente de la Confederaci\u00f3n de Nacionalidades Ind\u00edgenas de la Amazon\u00eda Ecuatoriana, Confeniae, considero, el acontecimiento suscitado en la nacionalidad AI Cofan de Sinangoe, es un ejemplo para los dem\u00e1s pueblos y nacionalidades de Ecuador. El deber de los jueces deber\u00e1 ser realizar este proceso en todo el territorio ecuatoriano.<\/p>\n\n\n\n<p>El presidente de la CONAIE, Le\u00f3nidas Iza, se refiri\u00f3 a las resoluciones adoptadas por la Asamblea, luego de la audiencia que se implemente los 21 derechos colectivos consagrados en la Constituci\u00f3n de la Republica. Exigimos una sentencia de fondo puntualiz\u00f3 el presidente de la CONAIE.<\/p>\n\n\n\n<p>Por su parte la abogada Mar\u00eda Espinoza, defensora de derechos de la naturaleza, dijo que la Corte Constitucional debe llegar a los territorios, como lo hizo con la comuna AI Cofan de Sinangoe, para escuchar sus problemas, ya que se trata de la vida de los pueblos originarios que viven en medio constantes amenazas por el extrativismo.<\/p>\n","protected":false},"excerpt":{"rendered":"<p>El 15 de noviembre de 2021, en la comuna AI Cofan de Sinangoe en el cant\u00f3n Gonzalo Pizarro provincia de Sucumb\u00edos se registr\u00f3 un hecho hist\u00f3rico, al llegar al territorio 5 de los 9 jueces de la Corte Constitucional, Daniela Salazar, Carla Andrade, Ramiro \u00c1vila, Agust\u00edn Grijalba y Aly Lozano, para cumplir con la audiencia [&hellip;]<\/p>\n","protected":false},"author":2617,"featured_media":3029,"comment_status":"open","ping_status":"closed","sticky":false,"template":"","format":"standard","meta":{"footnotes":""},"categories":[10,3,5],"tags":[],"class_list":["post-3028","post","type-post","status-publish","format-standard","has-post-thumbnail","hentry","category-interculturalidad","category-noticias","category-sucumbios"],"_links":{"self":[{"href":"https:\/\/radiosucumbios.org.ec\/index.php?rest_route=\/wp\/v2\/posts\/3028","targetHints":{"allow":["GET"]}}],"collection":[{"href":"https:\/\/radiosucumbios.org.ec\/index.php?rest_route=\/wp\/v2\/posts"}],"about":[{"href":"https:\/\/radiosucumbios.org.ec\/index.php?rest_route=\/wp\/v2\/types\/post"}],"author":[{"embeddable":true,"href":"https:\/\/radiosucumbios.org.ec\/index.php?rest_route=\/wp\/v2\/users\/2617"}],"replies":[{"embeddable":true,"href":"https:\/\/radiosucumbios.org.ec\/index.php?rest_route=%2Fwp%2Fv2%2Fcomments&post=3028"}],"version-history":[{"count":1,"href":"https:\/\/radiosucumbios.org.ec\/index.php?rest_route=\/wp\/v2\/posts\/3028\/revisions"}],"predecessor-version":[{"id":3036,"href":"https:\/\/radiosucumbios.org.ec\/index.php?rest_route=\/wp\/v2\/posts\/3028\/revisions\/3036"}],"wp:featuredmedia":[{"embeddable":true,"href":"https:\/\/radiosucumbios.org.ec\/index.php?rest_route=\/wp\/v2\/media\/3029"}],"wp:attachment":[{"href":"https:\/\/radiosucumbios.org.ec\/index.php?rest_route=%2Fwp%2Fv2%2Fmedia&parent=3028"}],"wp:term":[{"taxonomy":"category","embeddable":true,"href":"https:\/\/radiosucumbios.org.ec\/index.php?rest_route=%2Fwp%2Fv2%2Fcategories&post=3028"},{"taxonomy":"post_tag","embeddable":true,"href":"https:\/\/radiosucumbios.org.ec\/index.php?rest_route=%2Fwp%2Fv2%2Ftags&post=3028"}],"curies":[{"name":"wp","href":"https:\/\/api.w.org\/{rel}","templated":true}]}}