{"id":3040,"date":"2021-11-17T17:39:48","date_gmt":"2021-11-17T17:39:48","guid":{"rendered":"https:\/\/radiosucumbios.org.ec\/?p=3040"},"modified":"2021-11-17T17:39:51","modified_gmt":"2021-11-17T17:39:51","slug":"continuara-el-regreso-progresivo-y-obligatorio-a-clases-presenciales-con-medidas-de-bioseguridad","status":"publish","type":"post","link":"https:\/\/radiosucumbios.org.ec\/?p=3040","title":{"rendered":"Continuar\u00e1 el regreso progresivo y obligatorio a clases presenciales con medidas de bioseguridad"},"content":{"rendered":"\n<p>El Comit\u00e9 de Operaciones de Emergencia COE, Nacional aprob\u00f3 el retorno obligatorio a clases presenciales, seg\u00fan un anuncio del martes 16 de noviembre del 2021. La decisi\u00f3n se tom\u00f3 luego de un an\u00e1lisis en una plenaria la propuesta presentada por el Ministerio de Educaci\u00f3n.<\/p>\n\n\n\n<!--more-->\n\n\n\n<p>El retorno ser\u00e1 progresivo y empezar\u00e1 el pr\u00f3ximo 22 de noviembre. En el primer grupo est\u00e1n 402 309 estudiantes a nivel nacional de tercero de bachillerato t\u00e9cnico y del sector rural.<\/p>\n\n\n\n<p>Luego, el 6 de diciembre, est\u00e1 previsto el retorno del resto de los estudiantes de bachillerato y de b\u00e1sica superior (octavo, noveno y d\u00e9cimo a\u00f1os). Con ellos se llegar\u00eda a 1,8 millones de alumnos asistiendo a clases presenciales.<\/p>\n\n\n\n<p>La ministra de Educaci\u00f3n, Mar\u00eda Brown, se\u00f1al\u00f3 que el retorno a la presencialidad de este segundo grupo depender\u00e1 de que en cada cant\u00f3n se haya alcanzado el 85% de vacunados en ese rango de edad adem\u00e1s de la mejora de la infraestructura.<\/p>\n\n\n\n<p>Asimismo, las autoridades indicaron que pronto se alcanzar\u00e1 el 85 % de la poblaci\u00f3n con la vacunaci\u00f3n y que aquello ubicar\u00e1 al pa\u00eds entre los primeros de la regi\u00f3n en alcanzar ese objetivo. La ministra de Salud, Ximena Garz\u00f3n, indic\u00f3 que de momento se ha inmunizado al 78 % de la poblaci\u00f3n a partir de los 5 a\u00f1os.<\/p>\n\n\n\n<p>Juan Zapata, principal del COE, sostuvo que el retorno ser\u00e1 desde el 22 de noviembre con nuevos protocolos. Se anunci\u00f3 que se reforzar\u00e1 el acompa\u00f1amiento en las unidades educativas para que los estudiantes que a\u00fan no reciben el biol\u00f3gico puedan hacerlo.<\/p>\n","protected":false},"excerpt":{"rendered":"<p>El Comit\u00e9 de Operaciones de Emergencia COE, Nacional aprob\u00f3 el retorno obligatorio a clases presenciales, seg\u00fan un anuncio del martes 16 de noviembre del 2021. La decisi\u00f3n se tom\u00f3 luego de un an\u00e1lisis en una plenaria la propuesta presentada por el Ministerio de Educaci\u00f3n.<\/p>\n","protected":false},"author":2617,"featured_media":955,"comment_status":"open","ping_status":"closed","sticky":false,"template":"","format":"standard","meta":{"footnotes":""},"categories":[3,5],"tags":[],"class_list":["post-3040","post","type-post","status-publish","format-standard","has-post-thumbnail","hentry","category-noticias","category-sucumbios"],"_links":{"self":[{"href":"https:\/\/radiosucumbios.org.ec\/index.php?rest_route=\/wp\/v2\/posts\/3040","targetHints":{"allow":["GET"]}}],"collection":[{"href":"https:\/\/radiosucumbios.org.ec\/index.php?rest_route=\/wp\/v2\/posts"}],"about":[{"href":"https:\/\/radiosucumbios.org.ec\/index.php?rest_route=\/wp\/v2\/types\/post"}],"author":[{"embeddable":true,"href":"https:\/\/radiosucumbios.org.ec\/index.php?rest_route=\/wp\/v2\/users\/2617"}],"replies":[{"embeddable":true,"href":"https:\/\/radiosucumbios.org.ec\/index.php?rest_route=%2Fwp%2Fv2%2Fcomments&post=3040"}],"version-history":[{"count":1,"href":"https:\/\/radiosucumbios.org.ec\/index.php?rest_route=\/wp\/v2\/posts\/3040\/revisions"}],"predecessor-version":[{"id":3041,"href":"https:\/\/radiosucumbios.org.ec\/index.php?rest_route=\/wp\/v2\/posts\/3040\/revisions\/3041"}],"wp:featuredmedia":[{"embeddable":true,"href":"https:\/\/radiosucumbios.org.ec\/index.php?rest_route=\/wp\/v2\/media\/955"}],"wp:attachment":[{"href":"https:\/\/radiosucumbios.org.ec\/index.php?rest_route=%2Fwp%2Fv2%2Fmedia&parent=3040"}],"wp:term":[{"taxonomy":"category","embeddable":true,"href":"https:\/\/radiosucumbios.org.ec\/index.php?rest_route=%2Fwp%2Fv2%2Fcategories&post=3040"},{"taxonomy":"post_tag","embeddable":true,"href":"https:\/\/radiosucumbios.org.ec\/index.php?rest_route=%2Fwp%2Fv2%2Ftags&post=3040"}],"curies":[{"name":"wp","href":"https:\/\/api.w.org\/{rel}","templated":true}]}}