{"id":3048,"date":"2021-11-24T11:44:57","date_gmt":"2021-11-24T11:44:57","guid":{"rendered":"https:\/\/radiosucumbios.org.ec\/?p=3048"},"modified":"2021-11-24T11:45:01","modified_gmt":"2021-11-24T11:45:01","slug":"comerciantes-temen-aguda-crisis-al-abrir-la-frontera-ecuador-colombia","status":"publish","type":"post","link":"https:\/\/radiosucumbios.org.ec\/?p=3048","title":{"rendered":"Comerciantes temen aguda crisis al abrir la frontera Ecuador &#8211; Colombia"},"content":{"rendered":"\n<p>Los presidentes de: Ecuador, Guillermo Lasso y de Colombia, Iv\u00e1n Duque, anunciaron que el pr\u00f3ximo mi\u00e9rcoles 1 de diciembre se reabrir\u00e1n las fronteras entre ambas naciones, que permanec\u00eda cerrada desde el mes de marzo del 2020.<\/p>\n\n\n\n<!--more-->\n\n\n\n<p>Ese fue uno de los acuerdos a los que llegaron los mandatarios tras una reuni\u00f3n que incluy\u00f3 delegaciones de ambos pa\u00edses, desarrollada el pasado domingo 21 de noviembre en el Palacio de Carondelet, en Quito.<\/p>\n\n\n\n<p><br>Ante este anuncio los comerciantes de las ciudades fronterizas temen que les afectar\u00e1 las ventas ya que, por el cambio de moneda, cruzar\u00e1n a Colombia a realizar sus compras, as\u00ed comenta Pablo Lema comerciante de la ciudad de Nueva Loja<\/p>\n\n\n\n<p><br>Otra de las comerciantes, que la esperanza de esta Navidad es vender sus productos para pagar sus deudas ya que por la pandemia no lo pudieron hacer, una vez se abra la frontera, la crisis se agudizar\u00eda en Ecuador.<\/p>\n\n\n\n<p><br>Ante esta situaci\u00f3n, Abraham Freire alcalde del cant\u00f3n Lago habr\u00eda remiti\u00f3 una carta al Presidente de la Rep\u00fablica de Ecuador, pidiendo esperar un tiempo m\u00e1s para que se abra la frontera por el puente sobre el rio San Miguel.<\/p>\n","protected":false},"excerpt":{"rendered":"<p>Los presidentes de: Ecuador, Guillermo Lasso y de Colombia, Iv\u00e1n Duque, anunciaron que el pr\u00f3ximo mi\u00e9rcoles 1 de diciembre se reabrir\u00e1n las fronteras entre ambas naciones, que permanec\u00eda cerrada desde el mes de marzo del 2020.<\/p>\n","protected":false},"author":2617,"featured_media":3050,"comment_status":"open","ping_status":"closed","sticky":false,"template":"","format":"standard","meta":{"footnotes":""},"categories":[3,5],"tags":[],"class_list":["post-3048","post","type-post","status-publish","format-standard","has-post-thumbnail","hentry","category-noticias","category-sucumbios"],"_links":{"self":[{"href":"https:\/\/radiosucumbios.org.ec\/index.php?rest_route=\/wp\/v2\/posts\/3048","targetHints":{"allow":["GET"]}}],"collection":[{"href":"https:\/\/radiosucumbios.org.ec\/index.php?rest_route=\/wp\/v2\/posts"}],"about":[{"href":"https:\/\/radiosucumbios.org.ec\/index.php?rest_route=\/wp\/v2\/types\/post"}],"author":[{"embeddable":true,"href":"https:\/\/radiosucumbios.org.ec\/index.php?rest_route=\/wp\/v2\/users\/2617"}],"replies":[{"embeddable":true,"href":"https:\/\/radiosucumbios.org.ec\/index.php?rest_route=%2Fwp%2Fv2%2Fcomments&post=3048"}],"version-history":[{"count":1,"href":"https:\/\/radiosucumbios.org.ec\/index.php?rest_route=\/wp\/v2\/posts\/3048\/revisions"}],"predecessor-version":[{"id":3051,"href":"https:\/\/radiosucumbios.org.ec\/index.php?rest_route=\/wp\/v2\/posts\/3048\/revisions\/3051"}],"wp:featuredmedia":[{"embeddable":true,"href":"https:\/\/radiosucumbios.org.ec\/index.php?rest_route=\/wp\/v2\/media\/3050"}],"wp:attachment":[{"href":"https:\/\/radiosucumbios.org.ec\/index.php?rest_route=%2Fwp%2Fv2%2Fmedia&parent=3048"}],"wp:term":[{"taxonomy":"category","embeddable":true,"href":"https:\/\/radiosucumbios.org.ec\/index.php?rest_route=%2Fwp%2Fv2%2Fcategories&post=3048"},{"taxonomy":"post_tag","embeddable":true,"href":"https:\/\/radiosucumbios.org.ec\/index.php?rest_route=%2Fwp%2Fv2%2Ftags&post=3048"}],"curies":[{"name":"wp","href":"https:\/\/api.w.org\/{rel}","templated":true}]}}