{"id":3109,"date":"2022-01-24T13:09:30","date_gmt":"2022-01-24T13:09:30","guid":{"rendered":"https:\/\/radiosucumbios.org.ec\/?p=3109"},"modified":"2022-01-24T13:09:33","modified_gmt":"2022-01-24T13:09:33","slug":"la-activista-ecuatoriana-patricia-gualinga-gana-premio-palme-de-derechos-humanos","status":"publish","type":"post","link":"https:\/\/radiosucumbios.org.ec\/?p=3109","title":{"rendered":"La activista ecuatoriana Patricia Gualinga gana premio Palme de derechos humanos"},"content":{"rendered":"\n<p>La ecuatoriana Patricia Gualinga, l\u00edder del pueblo Kichwa de Sarayaku, ha sido distinguida este lunes con el premio Olof Palme de derechos humanos por su \u201cvaliente liderazgo\u201d en la lucha por mejorar las condiciones de vida ind\u00edgenas.<\/p>\n\n\n\n<!--more-->\n\n\n\n<p>La Fundaci\u00f3n para la Memoria de Olof Palme ha destacado tambi\u00e9n su compromiso con los derechos de la naturaleza y por la supervivencia del Amazonas.<\/p>\n\n\n\n<p>\u00abEn un tiempo en que la diversidad biol\u00f3gica est\u00e1 amenazada y el cambio clim\u00e1tico requiere grandes transformaciones, los pueblos ind\u00edgenas son especialmente vulnerables. A trav\u00e9s de su relaci\u00f3n con la naturaleza, Gualinga muestra el camino a una sociedad sostenible y a vivir con la naturaleza, no contra ella\u00bb, consta en el fallo.<\/p>\n\n\n\n<p>La fundaci\u00f3n sueca resalta que la voz de Gualinga tiene un valor \u00abincalculable\u00bb en la \u00abcatastr\u00f3fica\u00bb situaci\u00f3n ecol\u00f3gica en la que se encuentra el mundo.<\/p>\n\n\n\n<p>La Fundaci\u00f3n para la Memoria de Olof Palme fue creada en 1986 por la familia del popular primer ministro, asesinado ese mismo a\u00f1o, y la direcci\u00f3n del Partido Socialdem\u00f3crata Sueco para promover el entendimiento entre las naciones y la seguridad internacional.<\/p>\n\n\n\n<p>Entre los premiados con este galard\u00f3n, instituido en 1987, figuran Amnist\u00eda Internacional, la dirigente palestina Hanan Ashraui, la opositora birmana Aung San Suu Kyi, Nobel de la Paz en 1991; y el ex secretario general de la ONU Kofi Annan.<\/p>\n\n\n\n<p>La cuant\u00eda del premio, que se entregar\u00e1 el pr\u00f3ximo d\u00eda 30, asciende a 100.000 d\u00f3lares (88.143 euros)<\/p>\n\n\n\n<p>FUENTE: Diario EL Universo<\/p>\n","protected":false},"excerpt":{"rendered":"<p>La ecuatoriana Patricia Gualinga, l\u00edder del pueblo Kichwa de Sarayaku, ha sido distinguida este lunes con el premio Olof Palme de derechos humanos por su \u201cvaliente liderazgo\u201d en la lucha por mejorar las condiciones de vida ind\u00edgenas.<\/p>\n","protected":false},"author":2617,"featured_media":3110,"comment_status":"open","ping_status":"closed","sticky":false,"template":"","format":"standard","meta":{"footnotes":""},"categories":[1],"tags":[],"class_list":["post-3109","post","type-post","status-publish","format-standard","has-post-thumbnail","hentry","category-uncategorized"],"_links":{"self":[{"href":"https:\/\/radiosucumbios.org.ec\/index.php?rest_route=\/wp\/v2\/posts\/3109","targetHints":{"allow":["GET"]}}],"collection":[{"href":"https:\/\/radiosucumbios.org.ec\/index.php?rest_route=\/wp\/v2\/posts"}],"about":[{"href":"https:\/\/radiosucumbios.org.ec\/index.php?rest_route=\/wp\/v2\/types\/post"}],"author":[{"embeddable":true,"href":"https:\/\/radiosucumbios.org.ec\/index.php?rest_route=\/wp\/v2\/users\/2617"}],"replies":[{"embeddable":true,"href":"https:\/\/radiosucumbios.org.ec\/index.php?rest_route=%2Fwp%2Fv2%2Fcomments&post=3109"}],"version-history":[{"count":1,"href":"https:\/\/radiosucumbios.org.ec\/index.php?rest_route=\/wp\/v2\/posts\/3109\/revisions"}],"predecessor-version":[{"id":3111,"href":"https:\/\/radiosucumbios.org.ec\/index.php?rest_route=\/wp\/v2\/posts\/3109\/revisions\/3111"}],"wp:featuredmedia":[{"embeddable":true,"href":"https:\/\/radiosucumbios.org.ec\/index.php?rest_route=\/wp\/v2\/media\/3110"}],"wp:attachment":[{"href":"https:\/\/radiosucumbios.org.ec\/index.php?rest_route=%2Fwp%2Fv2%2Fmedia&parent=3109"}],"wp:term":[{"taxonomy":"category","embeddable":true,"href":"https:\/\/radiosucumbios.org.ec\/index.php?rest_route=%2Fwp%2Fv2%2Fcategories&post=3109"},{"taxonomy":"post_tag","embeddable":true,"href":"https:\/\/radiosucumbios.org.ec\/index.php?rest_route=%2Fwp%2Fv2%2Ftags&post=3109"}],"curies":[{"name":"wp","href":"https:\/\/api.w.org\/{rel}","templated":true}]}}