{"id":3116,"date":"2022-02-07T18:17:20","date_gmt":"2022-02-07T18:17:20","guid":{"rendered":"https:\/\/radiosucumbios.org.ec\/?p=3116"},"modified":"2022-02-07T18:17:24","modified_gmt":"2022-02-07T18:17:24","slug":"noruega-destinara-37-millones-para-reforestacion-en-amazonia-ecuatoriana","status":"publish","type":"post","link":"https:\/\/radiosucumbios.org.ec\/?p=3116","title":{"rendered":"Noruega destinar\u00e1 3,7 millones para reforestaci\u00f3n en Amazon\u00eda ecuatoriana"},"content":{"rendered":"\n<p>La&nbsp;<strong>Agencia Noruega para la Cooperaci\u00f3n al Desarrollo (Norad)<\/strong>, una agencia bajo la direcci\u00f3n del&nbsp;<strong>Ministerio de Asuntos Exteriores noruego destinar\u00e1 3,7 millones de d\u00f3lares<\/strong>&nbsp;para evitar y revertir la deforestaci\u00f3n en la&nbsp;<strong>Amazon\u00eda ecuatoriana, i<\/strong>nform\u00f3 este lunes la Fundaci\u00f3n EcoCiencia.<\/p>\n\n\n\n<!--more-->\n\n\n\n<p>De esa manera, se busca garantizar los derechos y medios de vida sostenibles de los pueblos ind\u00edgenas y comunidades locales, a trav\u00e9s de soluciones clim\u00e1ticas naturales, indic\u00f3 en un comunicado.<\/p>\n\n\n\n<p>Los fondos ser\u00e1n canalizados mediante el proyecto Acciones por la Amazon\u00eda, una iniciativa liderada a trav\u00e9s del consorcio conformado por&nbsp;<strong>EcoCiencia, Fundaci\u00f3n Pachamama y Naturaleza y Cultura Internacional.<\/strong><\/p>\n\n\n\n<p>Adem\u00e1s, por la Confederaci\u00f3n de Nacionalidades Ind\u00edgenas de la&nbsp;<strong>Amazon\u00eda Ecuatoriana (Confeniae), y las nacionalidades Waorani y Achuar del Ecuador<\/strong>, tras una convocatoria p\u00fablica en la cual las mencionadas instituciones resultaron seleccionadas.<\/p>\n\n\n\n<p><strong>Gilberto Nenquimo, presidente de la Nacionalidad Waorani,&nbsp;<\/strong>expres\u00f3 la importancia de dar continuidad a la conservaci\u00f3n de los bosques en la Amazon\u00eda con el proyecto \u00abporque queremos dar lo mejor para nuestra gente, mejorar nuestras condiciones de vida, porque conservando nuestros bosques seguiremos viviendo bien porque eso es lo que hicieron nuestros antepasados\u00bb.<\/p>\n\n\n\n<p>El monto asignado busca afrontar el impacto del cambio clim\u00e1tico producido por la degradaci\u00f3n y deforestaci\u00f3n de los bosques, \u00aben donde las pr\u00e1cticas agr\u00edcolas insostenibles en el Ecuador representan el 70% de la deforestaci\u00f3n y junto con la extracci\u00f3n legal e ilegal de madera representan las principales causas de la degradaci\u00f3n forestal en la Amazon\u00eda ecuatoriana\u00bb, reza el escrito.<\/p>\n\n\n\n<p>A esto se suma el impacto de las actividades extractivas mineras, petroleras e hidroel\u00e9ctricas en los territorios amaz\u00f3nicos.<\/p>\n\n\n\n<p>En este contexto, el proyecto&nbsp;<strong>Acciones por la Amazon\u00eda<\/strong>&nbsp;busca dar soluciones a trav\u00e9s del apoyo a pol\u00edticas favorables a los bosques en la Amazon\u00eda, fortalecer las estructuras de gobiernos locales y modelos de gesti\u00f3n forestal de pueblos ind\u00edgenas para lograr una gobernanza forestal eficiente desde los distintos actores.<\/p>\n\n\n\n<p>Para&nbsp;<strong>Lola Piyahuaje<\/strong>, lideresa de la nacionalidad Siekopaai del norte de la Amazon\u00eda ecuatoriana y vicepresidenta de la Confeniae, el \u00abproyecto del gobierno de Noruega es importante porque es una de las fortalezas para elevar nuestras capacidades en cada uno de los territorios\u00bb.<\/p>\n\n\n\n<p>\u00abUno, porque vamos a trabajar de cerca en el tema de conservaci\u00f3n, y en la parte de desarrollo de econom\u00edas del bosque, es un complemento, porque las nacionalidades quieren mejorar sus condiciones de vida\u00bb, a\u00f1adi\u00f3.<\/p>\n\n\n\n<p>Por su parte, In\u00e9s Luna, coordinadora general del proyecto y para Fundaci\u00f3n EcoCiencia, se\u00f1al\u00f3 que el proyecto \u00abAcciones por la Amazon\u00eda responde a un esfuerzo de colaboraci\u00f3n entre sociedad civil, organizaciones y comunidades ind\u00edgenas y gobiernos locales, para impulsar una agenda de protecci\u00f3n y de buen manejo de la Amazon\u00eda ecuatoriana\u00bb.<\/p>\n\n\n\n<p>\u00abCuenta con el apoyo de la cooperaci\u00f3n noruega y suma esfuerzos a otros donantes aliados y procesos en la Amazon\u00eda que conjuntamente quieren impulsar esta agenda\u00bb, indic\u00f3.<\/p>\n\n\n\n<p>Acciones por la Amazon\u00eda se estructura alrededor de cuatro componentes: movilizar la intenci\u00f3n y apoyo a pol\u00edticas favorables a los bosques; los pueblos ind\u00edgenas, comunidades locales como defensores del medio ambiente; las cadenas de suministro y mercados financieros libres de deforestaci\u00f3n; y la reducci\u00f3n de los delitos forestales y mejora del seguimiento forestal. EFE.<\/p>\n\n\n\n<p>FUENTE: Ecuaviza<\/p>\n","protected":false},"excerpt":{"rendered":"<p>La&nbsp;Agencia Noruega para la Cooperaci\u00f3n al Desarrollo (Norad), una agencia bajo la direcci\u00f3n del&nbsp;Ministerio de Asuntos Exteriores noruego destinar\u00e1 3,7 millones de d\u00f3lares&nbsp;para evitar y revertir la deforestaci\u00f3n en la&nbsp;Amazon\u00eda ecuatoriana, inform\u00f3 este lunes la Fundaci\u00f3n EcoCiencia.<\/p>\n","protected":false},"author":2617,"featured_media":3117,"comment_status":"open","ping_status":"closed","sticky":false,"template":"","format":"standard","meta":{"footnotes":""},"categories":[1],"tags":[],"class_list":["post-3116","post","type-post","status-publish","format-standard","has-post-thumbnail","hentry","category-uncategorized"],"_links":{"self":[{"href":"https:\/\/radiosucumbios.org.ec\/index.php?rest_route=\/wp\/v2\/posts\/3116","targetHints":{"allow":["GET"]}}],"collection":[{"href":"https:\/\/radiosucumbios.org.ec\/index.php?rest_route=\/wp\/v2\/posts"}],"about":[{"href":"https:\/\/radiosucumbios.org.ec\/index.php?rest_route=\/wp\/v2\/types\/post"}],"author":[{"embeddable":true,"href":"https:\/\/radiosucumbios.org.ec\/index.php?rest_route=\/wp\/v2\/users\/2617"}],"replies":[{"embeddable":true,"href":"https:\/\/radiosucumbios.org.ec\/index.php?rest_route=%2Fwp%2Fv2%2Fcomments&post=3116"}],"version-history":[{"count":1,"href":"https:\/\/radiosucumbios.org.ec\/index.php?rest_route=\/wp\/v2\/posts\/3116\/revisions"}],"predecessor-version":[{"id":3118,"href":"https:\/\/radiosucumbios.org.ec\/index.php?rest_route=\/wp\/v2\/posts\/3116\/revisions\/3118"}],"wp:featuredmedia":[{"embeddable":true,"href":"https:\/\/radiosucumbios.org.ec\/index.php?rest_route=\/wp\/v2\/media\/3117"}],"wp:attachment":[{"href":"https:\/\/radiosucumbios.org.ec\/index.php?rest_route=%2Fwp%2Fv2%2Fmedia&parent=3116"}],"wp:term":[{"taxonomy":"category","embeddable":true,"href":"https:\/\/radiosucumbios.org.ec\/index.php?rest_route=%2Fwp%2Fv2%2Fcategories&post=3116"},{"taxonomy":"post_tag","embeddable":true,"href":"https:\/\/radiosucumbios.org.ec\/index.php?rest_route=%2Fwp%2Fv2%2Ftags&post=3116"}],"curies":[{"name":"wp","href":"https:\/\/api.w.org\/{rel}","templated":true}]}}