{"id":3126,"date":"2022-02-11T16:04:07","date_gmt":"2022-02-11T16:04:07","guid":{"rendered":"https:\/\/radiosucumbios.org.ec\/?p=3126"},"modified":"2022-02-11T16:04:09","modified_gmt":"2022-02-11T16:04:09","slug":"macas-es-la-sede-del-primer-encuentro-pospandemia-de-la-repam-ecuador","status":"publish","type":"post","link":"https:\/\/radiosucumbios.org.ec\/?p=3126","title":{"rendered":"MACAS ES LA SEDE DEL PRIMER ENCUENTRO POSPANDEMIA DE LA REPAM \u2013 ECUADOR"},"content":{"rendered":"\n<p>Los d\u00edas 10 y 11 de febrero de 2022 fueron elegidos para el desarrollo de Asamblea de la REPAM, Red Eclesial Panamaz\u00f3nica, secci\u00f3n Ecuador, cuya sede es el Vicariato Apost\u00f3lico de M\u00e9ndez, concretamente en la ciudad de Macas, provincia de Morona Santiago.<\/p>\n\n\n\n<!--more-->\n\n\n\n<p>En el encuentro participan delegaciones de la REPAM de todos los 6 vicariatos de la Amazon\u00eda, entre obispos, sacerdotes, religiosas, laicas y laicos. Igualmente acompa\u00f1an las delegaciones de la Pastoral Ind\u00edgena como tal, la Pastoral Social C\u00e1ritas Nacional y de Espa\u00f1a; as\u00ed como tambi\u00e9n la coordinaci\u00f3n de la REPAM.<\/p>\n\n\n\n<p>El objetivo de este encuentro es elaborar el PLAN PASTORAL REPAM 2022 \u2013 2024 y para ello se dedica el primer d\u00eda a socializar la realidad actual de este organismo eclesial, vista desde adentro y desde afuera. Con este trabajo se pretende fortalecer la REPAM en los pr\u00f3ximos a\u00f1os.<\/p>\n\n\n\n<figure class=\"wp-block-image size-large\"><img loading=\"lazy\" decoding=\"async\" width=\"1024\" height=\"473\" src=\"https:\/\/radiosucumbios.org.ec\/wp-content\/uploads\/2022\/02\/WhatsApp-Image-2022-02-11-at-11.00.00-1024x473.jpeg\" alt=\"\" class=\"wp-image-3128\" srcset=\"https:\/\/radiosucumbios.org.ec\/wp-content\/uploads\/2022\/02\/WhatsApp-Image-2022-02-11-at-11.00.00-1024x473.jpeg 1024w, https:\/\/radiosucumbios.org.ec\/wp-content\/uploads\/2022\/02\/WhatsApp-Image-2022-02-11-at-11.00.00-300x139.jpeg 300w, https:\/\/radiosucumbios.org.ec\/wp-content\/uploads\/2022\/02\/WhatsApp-Image-2022-02-11-at-11.00.00-768x355.jpeg 768w, https:\/\/radiosucumbios.org.ec\/wp-content\/uploads\/2022\/02\/WhatsApp-Image-2022-02-11-at-11.00.00.jpeg 1280w\" sizes=\"auto, (max-width: 1024px) 100vw, 1024px\" \/><figcaption>Vicariato Apost\u00f3lico de M\u00e9ndez<\/figcaption><\/figure>\n","protected":false},"excerpt":{"rendered":"<p>Los d\u00edas 10 y 11 de febrero de 2022 fueron elegidos para el desarrollo de Asamblea de la REPAM, Red Eclesial Panamaz\u00f3nica, secci\u00f3n Ecuador, cuya sede es el Vicariato Apost\u00f3lico de M\u00e9ndez, concretamente en la ciudad de Macas, provincia de Morona Santiago.<\/p>\n","protected":false},"author":2617,"featured_media":3127,"comment_status":"open","ping_status":"closed","sticky":false,"template":"","format":"standard","meta":{"footnotes":""},"categories":[1],"tags":[],"class_list":["post-3126","post","type-post","status-publish","format-standard","has-post-thumbnail","hentry","category-uncategorized"],"_links":{"self":[{"href":"https:\/\/radiosucumbios.org.ec\/index.php?rest_route=\/wp\/v2\/posts\/3126","targetHints":{"allow":["GET"]}}],"collection":[{"href":"https:\/\/radiosucumbios.org.ec\/index.php?rest_route=\/wp\/v2\/posts"}],"about":[{"href":"https:\/\/radiosucumbios.org.ec\/index.php?rest_route=\/wp\/v2\/types\/post"}],"author":[{"embeddable":true,"href":"https:\/\/radiosucumbios.org.ec\/index.php?rest_route=\/wp\/v2\/users\/2617"}],"replies":[{"embeddable":true,"href":"https:\/\/radiosucumbios.org.ec\/index.php?rest_route=%2Fwp%2Fv2%2Fcomments&post=3126"}],"version-history":[{"count":1,"href":"https:\/\/radiosucumbios.org.ec\/index.php?rest_route=\/wp\/v2\/posts\/3126\/revisions"}],"predecessor-version":[{"id":3129,"href":"https:\/\/radiosucumbios.org.ec\/index.php?rest_route=\/wp\/v2\/posts\/3126\/revisions\/3129"}],"wp:featuredmedia":[{"embeddable":true,"href":"https:\/\/radiosucumbios.org.ec\/index.php?rest_route=\/wp\/v2\/media\/3127"}],"wp:attachment":[{"href":"https:\/\/radiosucumbios.org.ec\/index.php?rest_route=%2Fwp%2Fv2%2Fmedia&parent=3126"}],"wp:term":[{"taxonomy":"category","embeddable":true,"href":"https:\/\/radiosucumbios.org.ec\/index.php?rest_route=%2Fwp%2Fv2%2Fcategories&post=3126"},{"taxonomy":"post_tag","embeddable":true,"href":"https:\/\/radiosucumbios.org.ec\/index.php?rest_route=%2Fwp%2Fv2%2Ftags&post=3126"}],"curies":[{"name":"wp","href":"https:\/\/api.w.org\/{rel}","templated":true}]}}