{"id":3134,"date":"2022-03-10T16:54:57","date_gmt":"2022-03-10T16:54:57","guid":{"rendered":"https:\/\/radiosucumbios.org.ec\/?p=3134"},"modified":"2022-03-10T16:56:57","modified_gmt":"2022-03-10T16:56:57","slug":"amnistia-a-presos-del-paro-de-octubre-de-2019","status":"publish","type":"post","link":"https:\/\/radiosucumbios.org.ec\/?p=3134","title":{"rendered":"Amnist\u00eda para presos del paro de octubre de 2019"},"content":{"rendered":"\n<p>El Pleno de la Asamblea Nacional de Ecuador aprob\u00f3 este jueves, con 99 votos a favor, el informe que concede amnist\u00edas a 268 ciudadanos que fueron judicializados por \u00abejercer el derecho propio y derechos colectivos reconocidos en la Constituci\u00f3n e instrumentos internacionales\u00bb en el contexto del estallido social del \u00faltimo trimestre de 2019.<\/p>\n\n\n\n<!--more-->\n\n\n\n<p>Entre las personas que recibir\u00e1n las amnist\u00edas se encuentra la prefecta de Pichincha, Paola Pab\u00f3n, el parlamentario Virgilio Hern\u00e1ndez, el activista Christian Gonz\u00e1lez y el presidente de la Confederaci\u00f3n de Nacionalidades Ind\u00edgenas (Conaie), Leonidas Iza.<\/p>\n\n\n\n<p>De las 268 personas amnistiadas, 60 pertenecen al caso \u00abjudicializados por ejercer el derecho a la resistencia y protesta social de octubre de 2019\u00bb; durante el gobierno de Len\u00edn Moreno; 153 son del caso \u00abdefensores de los territorios comunitarios\u00bb; 12 a \u00abadministraci\u00f3n de justicia ind\u00edgena\u00bb, y, 43 a \u00abdefensores de la naturaleza\u00bb, seg\u00fan el informe.<\/p>\n\n\n\n<p>El informe de las amnist\u00edas, elaborado por la Comisi\u00f3n de Garant\u00edas Constitucionales, obtuvo los votos favorables de todos los asamble\u00edstas de las bancadas de Uni\u00f3n por la Esperanza (UNES) y Pachakutik, algunos del Partido Social Cristiano, Izquierda Democr\u00e1tica y algunos legisladores independientes.<\/p>\n\n\n\n<p>La presidenta del parlamento, Guadalupe Llori dijo en un comunicado: \u00abCon este acto de justicia se ha devuelto la paz a nuestros compa\u00f1eros, los luchadores populares, defensores de los derechos humanos, del agua y la naturaleza y a todas sus familias, luego de haber sido judicializados por ejercer su derecho a la resistencia\u00bb.<\/p>\n\n\n\n<p>La resoluci\u00f3n ser\u00e1 ahora notificada a los \u00f3rganos jurisdiccionales competentes, a la Fiscal\u00eda General del Estado y otras instancias<\/p>\n\n\n\n<p>REDACCI\u00d3N: Telesur Tv<\/p>\n","protected":false},"excerpt":{"rendered":"<p>El Pleno de la Asamblea Nacional de Ecuador aprob\u00f3 este jueves, con 99 votos a favor, el informe que concede amnist\u00edas a 268 ciudadanos que fueron judicializados por \u00abejercer el derecho propio y derechos colectivos reconocidos en la Constituci\u00f3n e instrumentos internacionales\u00bb en el contexto del estallido social del \u00faltimo trimestre de 2019.<\/p>\n","protected":false},"author":2617,"featured_media":3135,"comment_status":"open","ping_status":"closed","sticky":false,"template":"","format":"standard","meta":{"footnotes":""},"categories":[1],"tags":[],"class_list":["post-3134","post","type-post","status-publish","format-standard","has-post-thumbnail","hentry","category-uncategorized"],"_links":{"self":[{"href":"https:\/\/radiosucumbios.org.ec\/index.php?rest_route=\/wp\/v2\/posts\/3134","targetHints":{"allow":["GET"]}}],"collection":[{"href":"https:\/\/radiosucumbios.org.ec\/index.php?rest_route=\/wp\/v2\/posts"}],"about":[{"href":"https:\/\/radiosucumbios.org.ec\/index.php?rest_route=\/wp\/v2\/types\/post"}],"author":[{"embeddable":true,"href":"https:\/\/radiosucumbios.org.ec\/index.php?rest_route=\/wp\/v2\/users\/2617"}],"replies":[{"embeddable":true,"href":"https:\/\/radiosucumbios.org.ec\/index.php?rest_route=%2Fwp%2Fv2%2Fcomments&post=3134"}],"version-history":[{"count":2,"href":"https:\/\/radiosucumbios.org.ec\/index.php?rest_route=\/wp\/v2\/posts\/3134\/revisions"}],"predecessor-version":[{"id":3137,"href":"https:\/\/radiosucumbios.org.ec\/index.php?rest_route=\/wp\/v2\/posts\/3134\/revisions\/3137"}],"wp:featuredmedia":[{"embeddable":true,"href":"https:\/\/radiosucumbios.org.ec\/index.php?rest_route=\/wp\/v2\/media\/3135"}],"wp:attachment":[{"href":"https:\/\/radiosucumbios.org.ec\/index.php?rest_route=%2Fwp%2Fv2%2Fmedia&parent=3134"}],"wp:term":[{"taxonomy":"category","embeddable":true,"href":"https:\/\/radiosucumbios.org.ec\/index.php?rest_route=%2Fwp%2Fv2%2Fcategories&post=3134"},{"taxonomy":"post_tag","embeddable":true,"href":"https:\/\/radiosucumbios.org.ec\/index.php?rest_route=%2Fwp%2Fv2%2Ftags&post=3134"}],"curies":[{"name":"wp","href":"https:\/\/api.w.org\/{rel}","templated":true}]}}