{"id":3163,"date":"2022-03-16T17:14:27","date_gmt":"2022-03-16T17:14:27","guid":{"rendered":"https:\/\/radiosucumbios.org.ec\/?p=3163"},"modified":"2022-03-16T17:14:29","modified_gmt":"2022-03-16T17:14:29","slug":"habitantes-de-la-comuna-ashir-denuncian-constantes-cortes-de-energia-electrica-y-afectaciones-graves","status":"publish","type":"post","link":"https:\/\/radiosucumbios.org.ec\/?p=3163","title":{"rendered":"Habitantes de la comuna Ashir denuncian constantes cortes de energ\u00eda el\u00e9ctrica y afectaciones graves"},"content":{"rendered":"\n<p>Grandes afectaciones de sus electrom\u00e9tricos por los constantes cortes de energ\u00eda el\u00e9ctrica denuncian los moradores de la comuna Ashir, cant\u00f3n Lago Agrio. Seg\u00fan los afectados en la semana almenas tres veces se quedan sin energ\u00eda y cuando se realiza la reconexi\u00f3n sufren los da\u00f1os a aparatos el\u00e9ctricos.<\/p>\n\n\n\n<!--more-->\n\n\n\n<p>Desde hace 18 a\u00f1o manejan un proyecto, pero no llega el d\u00eda que se cristalice, incluso como son ya muchos a\u00f1os y ha crecido la poblaci\u00f3n ahora se debe cambiar el proyecto en una extensi\u00f3n aproximadamente 4 kil\u00f3metros y medio, para cubrir toda la necesidad.<\/p>\n\n\n\n<p>Don Leonardo Fares un ciudadano de la tercera edad, comenta que ya no sabe a d\u00f3nde recurrir, porque aparentemente tienen asignado un presupuesto para el proyecto el\u00e9ctrico, pero se vienen dando largas, en estos d\u00edas llegamos donde l Gobernador comenta don Leonardo,<\/p>\n\n\n\n<p>Los cortes son repentinos y cuando regresa se queman nuestros artefactos que tanto esfuerzo hemos adquirido y eso es constante que en lo personal ha perdido un televisor una nevera y una licuadora por el sobre voltaje de la energ\u00eda el\u00e9ctrica principalmente en horas de la noche.<\/p>\n\n\n\n<p>Don Salvador que tambi\u00e9n de la tercera edad acompa\u00f1aba a don Leonardo en la comisi\u00f3n para hablar con el Gobernador sobre el problema de la energ\u00eda el\u00e9ctrica, pero tambi\u00e9n otras necesidades con es el agua potable, los proyectos del gobierno que no llegan para los habitantes de la comunidad Ashir.<\/p>\n","protected":false},"excerpt":{"rendered":"<p>Grandes afectaciones de sus electrom\u00e9tricos por los constantes cortes de energ\u00eda el\u00e9ctrica denuncian los moradores de la comuna Ashir, cant\u00f3n Lago Agrio. Seg\u00fan los afectados en la semana almenas tres veces se quedan sin energ\u00eda y cuando se realiza la reconexi\u00f3n sufren los da\u00f1os a aparatos el\u00e9ctricos.<\/p>\n","protected":false},"author":2617,"featured_media":3164,"comment_status":"open","ping_status":"closed","sticky":false,"template":"","format":"standard","meta":{"footnotes":""},"categories":[3,5],"tags":[],"class_list":["post-3163","post","type-post","status-publish","format-standard","has-post-thumbnail","hentry","category-noticias","category-sucumbios"],"_links":{"self":[{"href":"https:\/\/radiosucumbios.org.ec\/index.php?rest_route=\/wp\/v2\/posts\/3163","targetHints":{"allow":["GET"]}}],"collection":[{"href":"https:\/\/radiosucumbios.org.ec\/index.php?rest_route=\/wp\/v2\/posts"}],"about":[{"href":"https:\/\/radiosucumbios.org.ec\/index.php?rest_route=\/wp\/v2\/types\/post"}],"author":[{"embeddable":true,"href":"https:\/\/radiosucumbios.org.ec\/index.php?rest_route=\/wp\/v2\/users\/2617"}],"replies":[{"embeddable":true,"href":"https:\/\/radiosucumbios.org.ec\/index.php?rest_route=%2Fwp%2Fv2%2Fcomments&post=3163"}],"version-history":[{"count":1,"href":"https:\/\/radiosucumbios.org.ec\/index.php?rest_route=\/wp\/v2\/posts\/3163\/revisions"}],"predecessor-version":[{"id":3165,"href":"https:\/\/radiosucumbios.org.ec\/index.php?rest_route=\/wp\/v2\/posts\/3163\/revisions\/3165"}],"wp:featuredmedia":[{"embeddable":true,"href":"https:\/\/radiosucumbios.org.ec\/index.php?rest_route=\/wp\/v2\/media\/3164"}],"wp:attachment":[{"href":"https:\/\/radiosucumbios.org.ec\/index.php?rest_route=%2Fwp%2Fv2%2Fmedia&parent=3163"}],"wp:term":[{"taxonomy":"category","embeddable":true,"href":"https:\/\/radiosucumbios.org.ec\/index.php?rest_route=%2Fwp%2Fv2%2Fcategories&post=3163"},{"taxonomy":"post_tag","embeddable":true,"href":"https:\/\/radiosucumbios.org.ec\/index.php?rest_route=%2Fwp%2Fv2%2Ftags&post=3163"}],"curies":[{"name":"wp","href":"https:\/\/api.w.org\/{rel}","templated":true}]}}