{"id":3209,"date":"2022-03-24T11:49:27","date_gmt":"2022-03-24T11:49:27","guid":{"rendered":"https:\/\/radiosucumbios.org.ec\/?p=3209"},"modified":"2022-03-24T11:49:29","modified_gmt":"2022-03-24T11:49:29","slug":"centro-educativo-en-kuchapamba-se-reapertura","status":"publish","type":"post","link":"https:\/\/radiosucumbios.org.ec\/?p=3209","title":{"rendered":"Centro educativo en Kuchapamba se reapertura"},"content":{"rendered":"\n<p>Se realiz\u00f3 la socializaci\u00f3n sobre la reapertura del centro educativo comunitario intercultural biling\u00fces \u00abZamora\u00bb de la comuna kichwa Kuchapamba<\/p>\n\n\n\n<!--more-->\n\n\n\n<p>Con la participaci\u00f3n de padres y madres de familia del Centro Educativo Comunitario Intercultural Biling\u00fce Zamora, fusionada hace 7 a\u00f1os a la unidad del milenio Hatun Sacha.<\/p>\n\n\n\n<p>Este viernes 18 de marzo, con la presencia del Dr. Hern\u00e1n Paredes jefe del departamento de la administraci\u00f3n escolar y t\u00e9cnicas de las \u00e1reas de planificaci\u00f3n del distrito educativo Lago Agrio.<\/p>\n\n\n\n<p>Con la disposici\u00f3n de la zonal de dar el inicio al periodo escolar 2022 \u2013 2023, se hizo la entrega del c\u00f3digo AMIE para la reapertura de la instituci\u00f3n educativa de la comuna kichwa Kuchapamba perteneciente a la parroquia Santa Cecilia, dando inicio al a\u00f1o lectivo para el mes de septiembre del 2022.<\/p>\n","protected":false},"excerpt":{"rendered":"<p>Se realiz\u00f3 la socializaci\u00f3n sobre la reapertura del centro educativo comunitario intercultural biling\u00fces \u00abZamora\u00bb de la comuna kichwa Kuchapamba<\/p>\n","protected":false},"author":2617,"featured_media":3210,"comment_status":"open","ping_status":"closed","sticky":false,"template":"","format":"standard","meta":{"footnotes":""},"categories":[10,5],"tags":[107,109,108,103],"class_list":["post-3209","post","type-post","status-publish","format-standard","has-post-thumbnail","hentry","category-interculturalidad","category-sucumbios","tag-interculturalidad","tag-kuchapamba","tag-santa-cecilia","tag-sucumbios-2"],"_links":{"self":[{"href":"https:\/\/radiosucumbios.org.ec\/index.php?rest_route=\/wp\/v2\/posts\/3209","targetHints":{"allow":["GET"]}}],"collection":[{"href":"https:\/\/radiosucumbios.org.ec\/index.php?rest_route=\/wp\/v2\/posts"}],"about":[{"href":"https:\/\/radiosucumbios.org.ec\/index.php?rest_route=\/wp\/v2\/types\/post"}],"author":[{"embeddable":true,"href":"https:\/\/radiosucumbios.org.ec\/index.php?rest_route=\/wp\/v2\/users\/2617"}],"replies":[{"embeddable":true,"href":"https:\/\/radiosucumbios.org.ec\/index.php?rest_route=%2Fwp%2Fv2%2Fcomments&post=3209"}],"version-history":[{"count":1,"href":"https:\/\/radiosucumbios.org.ec\/index.php?rest_route=\/wp\/v2\/posts\/3209\/revisions"}],"predecessor-version":[{"id":3211,"href":"https:\/\/radiosucumbios.org.ec\/index.php?rest_route=\/wp\/v2\/posts\/3209\/revisions\/3211"}],"wp:featuredmedia":[{"embeddable":true,"href":"https:\/\/radiosucumbios.org.ec\/index.php?rest_route=\/wp\/v2\/media\/3210"}],"wp:attachment":[{"href":"https:\/\/radiosucumbios.org.ec\/index.php?rest_route=%2Fwp%2Fv2%2Fmedia&parent=3209"}],"wp:term":[{"taxonomy":"category","embeddable":true,"href":"https:\/\/radiosucumbios.org.ec\/index.php?rest_route=%2Fwp%2Fv2%2Fcategories&post=3209"},{"taxonomy":"post_tag","embeddable":true,"href":"https:\/\/radiosucumbios.org.ec\/index.php?rest_route=%2Fwp%2Fv2%2Ftags&post=3209"}],"curies":[{"name":"wp","href":"https:\/\/api.w.org\/{rel}","templated":true}]}}