{"id":3266,"date":"2022-06-02T12:16:38","date_gmt":"2022-06-02T12:16:38","guid":{"rendered":"https:\/\/radiosucumbios.org.ec\/?p=3266"},"modified":"2022-06-02T12:16:41","modified_gmt":"2022-06-02T12:16:41","slug":"comunidades-de-la-parroquia-pacayacu-proponen-proyecto-de-cantonizacion","status":"publish","type":"post","link":"https:\/\/radiosucumbios.org.ec\/?p=3266","title":{"rendered":"Comunidades de la parroquia Pacayacu proponen proyecto de cantonizaci\u00f3n"},"content":{"rendered":"\n<p>Una vez m\u00e1s las comunidades de la parroquia Pacayacu, proponen que se trabaje en un proyecto de cantonizaci\u00f3n, para lo cual se pedir\u00e1 a las empresas petroleras que operan en el sector ubiquen recursos econ\u00f3micos que les corresponde como compensaci\u00f3n social por la explotaci\u00f3n petrolera.<\/p>\n\n\n\n<!--more-->\n\n\n\n<p>Los actores se reunieron en la comunidad La Granito, para analizar una compensaci\u00f3n social que les corresponde de Petroecuador, es ah\u00ed donde solicitan sean incrementado un rubro para iniciar con el proyecto de cantonizaci\u00f3n de la parroquia Pacayacu, que por ahora pertenece al cant\u00f3n Lago Agrio.<\/p>\n\n\n\n<p>Oswaldo Carre\u00f1o de la Asociaci\u00f3n Nueva Esperanza, manifest\u00f3 que la cantonizaci\u00f3n no se lograra si no se unen los ciudadanos y las autoridades locales, ya que se ha escuchado durante varios a\u00f1os de alg\u00fan pol\u00edtico o ciudadano que est\u00e1 gestionando, pero eso no se ha logrado.<\/p>\n\n\n\n<p>Carlos Mej\u00eda representante del Consejo de Participaci\u00f3n Ciudadano del Gobierno Parroquial de Pacayacu, considera que a base de lucha conjunta se ha logrado algunas obras y esta vez unidos se podr\u00e1 conseguir el objetivo de cantonizaci\u00f3n que servir\u00e1 para gestionar mejoras para el sector.<\/p>\n\n\n\n<p>La parroquia Pacayacu est\u00e1 ubicado junto a varias plataformas petroleras sin embargo no ha recibido las obras que se merece, pero si la contaminaci\u00f3n. Es la raz\u00f3n por que queremos que se haga cant\u00f3n manifiesta, Flor Carre\u00f1o, presidenta del recinto La Granito.<\/p>\n","protected":false},"excerpt":{"rendered":"<p>Una vez m\u00e1s las comunidades de la parroquia Pacayacu, proponen que se trabaje en un proyecto de cantonizaci\u00f3n, para lo cual se pedir\u00e1 a las empresas petroleras que operan en el sector ubiquen recursos econ\u00f3micos que les corresponde como compensaci\u00f3n social por la explotaci\u00f3n petrolera.<\/p>\n","protected":false},"author":2617,"featured_media":3267,"comment_status":"open","ping_status":"closed","sticky":false,"template":"","format":"standard","meta":{"footnotes":""},"categories":[3,5],"tags":[],"class_list":["post-3266","post","type-post","status-publish","format-standard","has-post-thumbnail","hentry","category-noticias","category-sucumbios"],"_links":{"self":[{"href":"https:\/\/radiosucumbios.org.ec\/index.php?rest_route=\/wp\/v2\/posts\/3266","targetHints":{"allow":["GET"]}}],"collection":[{"href":"https:\/\/radiosucumbios.org.ec\/index.php?rest_route=\/wp\/v2\/posts"}],"about":[{"href":"https:\/\/radiosucumbios.org.ec\/index.php?rest_route=\/wp\/v2\/types\/post"}],"author":[{"embeddable":true,"href":"https:\/\/radiosucumbios.org.ec\/index.php?rest_route=\/wp\/v2\/users\/2617"}],"replies":[{"embeddable":true,"href":"https:\/\/radiosucumbios.org.ec\/index.php?rest_route=%2Fwp%2Fv2%2Fcomments&post=3266"}],"version-history":[{"count":1,"href":"https:\/\/radiosucumbios.org.ec\/index.php?rest_route=\/wp\/v2\/posts\/3266\/revisions"}],"predecessor-version":[{"id":3268,"href":"https:\/\/radiosucumbios.org.ec\/index.php?rest_route=\/wp\/v2\/posts\/3266\/revisions\/3268"}],"wp:featuredmedia":[{"embeddable":true,"href":"https:\/\/radiosucumbios.org.ec\/index.php?rest_route=\/wp\/v2\/media\/3267"}],"wp:attachment":[{"href":"https:\/\/radiosucumbios.org.ec\/index.php?rest_route=%2Fwp%2Fv2%2Fmedia&parent=3266"}],"wp:term":[{"taxonomy":"category","embeddable":true,"href":"https:\/\/radiosucumbios.org.ec\/index.php?rest_route=%2Fwp%2Fv2%2Fcategories&post=3266"},{"taxonomy":"post_tag","embeddable":true,"href":"https:\/\/radiosucumbios.org.ec\/index.php?rest_route=%2Fwp%2Fv2%2Ftags&post=3266"}],"curies":[{"name":"wp","href":"https:\/\/api.w.org\/{rel}","templated":true}]}}