{"id":3269,"date":"2022-06-02T12:21:08","date_gmt":"2022-06-02T12:21:08","guid":{"rendered":"https:\/\/radiosucumbios.org.ec\/?p=3269"},"modified":"2022-06-02T12:35:13","modified_gmt":"2022-06-02T12:35:13","slug":"en-lago-agrio-alertan-escases-de-gas-de-uso-domestico","status":"publish","type":"post","link":"https:\/\/radiosucumbios.org.ec\/?p=3269","title":{"rendered":"En Lago Agrio alertan escases de gas de uso domestico"},"content":{"rendered":"\n<p>Dirigentes barriales alertan escases de gas de uso domestico en los barrios del cant\u00f3n Lago Agrio<\/p>\n\n\n\n<!--more-->\n\n\n\n<p>Mientras se espera concluyan con estudios que determinaran el precio de distribuci\u00f3n de gas de uso dom\u00e9stico a domicilio, dirigentes barriales del cant\u00f3n Lago Agrio alertan que en las \u00faltimas semanas a existido el desabastecimiento del producto en los barrios de la ciudad.<\/p>\n\n\n\n<p>Aparentemente cuando permanec\u00eda cerrado el paso formal por el puente sobre el rio San Miguel, el producto sobraba, pero en las ultimas semana misteriosamente se escasea. Los dirigentes piden la ubicaci\u00f3n de otra empresa para que realice la venta en un centro de acopio.<\/p>\n\n\n\n<p>Cuadrado Alc\u00edvar, presidente del barrio Juan Carri\u00f3n, asegura que durante la pandemia los distribuidores del gas de uso domestico pasaban casi todos los d\u00edas por su barrio, pero ahora no abastecen para todos los pobladores.<\/p>\n\n\n\n<p>Dani Men\u00e9ndez, presidente del barrio Mario Guerrero, manifiesta que recibi\u00f3 varias llamadas de los vecinos preguntando porque no pasa el veh\u00edculo distribuidor de gas de uso dom\u00e9stico y solicita a las autoridades colocar una bodega de distribuci\u00f3n para abastecerse del producto.<\/p>\n\n\n\n<p>El presidente de la Federaci\u00f3n de Barrios del cant\u00f3n Lago Agrio Jorge Elizalde, manifest\u00f3 que ya han solicitado a las autoridades la creaci\u00f3n de un centro de acopio donde los ciudadanos puedan comprar al precio oficial de 1,60, pero con otra empresa distribuidora.<\/p>\n\n\n\n<iframe loading=\"lazy\" src=\"https:\/\/www.facebook.com\/plugins\/video.php?height=314&#038;href=https%3A%2F%2Fwww.facebook.com%2Fsucumbiosradio%2Fvideos%2F377245791103110%2F&#038;show_text=false&#038;width=560&#038;t=0\" width=\"560\" height=\"314\" style=\"border:none;overflow:hidden\" scrolling=\"no\" frameborder=\"0\" allowfullscreen=\"true\" allow=\"autoplay; clipboard-write; encrypted-media; picture-in-picture; web-share\" allowFullScreen=\"true\"><\/iframe>\n","protected":false},"excerpt":{"rendered":"<p>Dirigentes barriales alertan escases de gas de uso domestico en los barrios del cant\u00f3n Lago Agrio<\/p>\n","protected":false},"author":2617,"featured_media":3270,"comment_status":"open","ping_status":"closed","sticky":false,"template":"","format":"standard","meta":{"footnotes":""},"categories":[3,5],"tags":[],"class_list":["post-3269","post","type-post","status-publish","format-standard","has-post-thumbnail","hentry","category-noticias","category-sucumbios"],"_links":{"self":[{"href":"https:\/\/radiosucumbios.org.ec\/index.php?rest_route=\/wp\/v2\/posts\/3269","targetHints":{"allow":["GET"]}}],"collection":[{"href":"https:\/\/radiosucumbios.org.ec\/index.php?rest_route=\/wp\/v2\/posts"}],"about":[{"href":"https:\/\/radiosucumbios.org.ec\/index.php?rest_route=\/wp\/v2\/types\/post"}],"author":[{"embeddable":true,"href":"https:\/\/radiosucumbios.org.ec\/index.php?rest_route=\/wp\/v2\/users\/2617"}],"replies":[{"embeddable":true,"href":"https:\/\/radiosucumbios.org.ec\/index.php?rest_route=%2Fwp%2Fv2%2Fcomments&post=3269"}],"version-history":[{"count":2,"href":"https:\/\/radiosucumbios.org.ec\/index.php?rest_route=\/wp\/v2\/posts\/3269\/revisions"}],"predecessor-version":[{"id":3274,"href":"https:\/\/radiosucumbios.org.ec\/index.php?rest_route=\/wp\/v2\/posts\/3269\/revisions\/3274"}],"wp:featuredmedia":[{"embeddable":true,"href":"https:\/\/radiosucumbios.org.ec\/index.php?rest_route=\/wp\/v2\/media\/3270"}],"wp:attachment":[{"href":"https:\/\/radiosucumbios.org.ec\/index.php?rest_route=%2Fwp%2Fv2%2Fmedia&parent=3269"}],"wp:term":[{"taxonomy":"category","embeddable":true,"href":"https:\/\/radiosucumbios.org.ec\/index.php?rest_route=%2Fwp%2Fv2%2Fcategories&post=3269"},{"taxonomy":"post_tag","embeddable":true,"href":"https:\/\/radiosucumbios.org.ec\/index.php?rest_route=%2Fwp%2Fv2%2Ftags&post=3269"}],"curies":[{"name":"wp","href":"https:\/\/api.w.org\/{rel}","templated":true}]}}