{"id":3286,"date":"2022-06-06T12:47:20","date_gmt":"2022-06-06T12:47:20","guid":{"rendered":"https:\/\/radiosucumbios.org.ec\/?p=3286"},"modified":"2022-06-06T12:47:23","modified_gmt":"2022-06-06T12:47:23","slug":"movimiento-somos-progreso-suspendio-su-asamblea","status":"publish","type":"post","link":"https:\/\/radiosucumbios.org.ec\/?p=3286","title":{"rendered":"Movimiento Somos Progreso suspendi\u00f3 su asamblea"},"content":{"rendered":"\n<p>Director del movimiento Somos Progreso en Lago Agrio arremete contra el gobernador por suspension de asamblea<\/p>\n\n\n\n<!--more-->\n\n\n\n<p>La el 5 de junio del 2022, estuvo previsto la asamblea del Movimiento \u201cSomos Progreso\u201d del cant\u00f3n Lago Agrio, pero desde la Intendencia de Polic\u00eda no se le extendi\u00f3 el permiso aduciendo que no cumple con los requisitos, ante esto el director del movimiento pol\u00edtico arremeti\u00f3 contra el Gobernador acusando de persecuci\u00f3n pol\u00edtica.<\/p>\n\n\n\n<p>En la asamblea se iba a presentar a sus simpatizantes la resoluci\u00f3n del Consejo Nacional Electoral de la creaci\u00f3n del Movimiento \u201cSomos Progreso\u201d, adem\u00e1s de conocer a los precandidatos a diferentes dignidades del municipio del cant\u00f3n Lago Agrio, ante lo sucedido buscan nueva fecha para la asamblea.<\/p>\n\n\n\n<p>El director del Movimiento pol\u00edtico \u201cSomos Progreso\u201d, Vinicio Vega explica lo, sucedido y dice que cumplieron con los requisitos y la ley para la obtenci\u00f3n del permiso para realizar la asamblea.<\/p>\n\n\n\n<p>El director del movimiento pol\u00edtico, considera que esta acci\u00f3n de la Intendencia de polic\u00eda es una persecuci\u00f3n pol\u00edtica y arremeti\u00f3 contra el Gobernador cuestionado su accionar como tal dejando un lado las funciones que le compete y solucionar los problemas que aqueja a la provincia.<\/p>\n\n\n\n<p>Ante esta negativa de los permisos se prepara una impugnaci\u00f3n ante la autoridad que resolvi\u00f3 y esperan que autoricen para realizar la asamblea en los pr\u00f3ximos d\u00edas, de la cual todav\u00eda no hay fecha.<\/p>\n\n\n\n<iframe loading=\"lazy\" src=\"https:\/\/www.facebook.com\/plugins\/video.php?height=314&#038;href=https%3A%2F%2Fwww.facebook.com%2Fsucumbiosradio%2Fvideos%2F1419689741810901%2F&#038;show_text=true&#038;width=560&#038;t=1455\" width=\"560\" height=\"429\" style=\"border:none;overflow:hidden\" scrolling=\"no\" frameborder=\"0\" allowfullscreen=\"true\" allow=\"autoplay; clipboard-write; encrypted-media; picture-in-picture; web-share\" allowFullScreen=\"true\"><\/iframe>\n","protected":false},"excerpt":{"rendered":"<p>Director del movimiento Somos Progreso en Lago Agrio arremete contra el gobernador por suspension de asamblea<\/p>\n","protected":false},"author":2617,"featured_media":3287,"comment_status":"open","ping_status":"closed","sticky":false,"template":"","format":"standard","meta":{"footnotes":""},"categories":[3,5],"tags":[],"class_list":["post-3286","post","type-post","status-publish","format-standard","has-post-thumbnail","hentry","category-noticias","category-sucumbios"],"_links":{"self":[{"href":"https:\/\/radiosucumbios.org.ec\/index.php?rest_route=\/wp\/v2\/posts\/3286","targetHints":{"allow":["GET"]}}],"collection":[{"href":"https:\/\/radiosucumbios.org.ec\/index.php?rest_route=\/wp\/v2\/posts"}],"about":[{"href":"https:\/\/radiosucumbios.org.ec\/index.php?rest_route=\/wp\/v2\/types\/post"}],"author":[{"embeddable":true,"href":"https:\/\/radiosucumbios.org.ec\/index.php?rest_route=\/wp\/v2\/users\/2617"}],"replies":[{"embeddable":true,"href":"https:\/\/radiosucumbios.org.ec\/index.php?rest_route=%2Fwp%2Fv2%2Fcomments&post=3286"}],"version-history":[{"count":1,"href":"https:\/\/radiosucumbios.org.ec\/index.php?rest_route=\/wp\/v2\/posts\/3286\/revisions"}],"predecessor-version":[{"id":3288,"href":"https:\/\/radiosucumbios.org.ec\/index.php?rest_route=\/wp\/v2\/posts\/3286\/revisions\/3288"}],"wp:featuredmedia":[{"embeddable":true,"href":"https:\/\/radiosucumbios.org.ec\/index.php?rest_route=\/wp\/v2\/media\/3287"}],"wp:attachment":[{"href":"https:\/\/radiosucumbios.org.ec\/index.php?rest_route=%2Fwp%2Fv2%2Fmedia&parent=3286"}],"wp:term":[{"taxonomy":"category","embeddable":true,"href":"https:\/\/radiosucumbios.org.ec\/index.php?rest_route=%2Fwp%2Fv2%2Fcategories&post=3286"},{"taxonomy":"post_tag","embeddable":true,"href":"https:\/\/radiosucumbios.org.ec\/index.php?rest_route=%2Fwp%2Fv2%2Ftags&post=3286"}],"curies":[{"name":"wp","href":"https:\/\/api.w.org\/{rel}","templated":true}]}}