{"id":3289,"date":"2022-06-06T12:57:34","date_gmt":"2022-06-06T12:57:34","guid":{"rendered":"https:\/\/radiosucumbios.org.ec\/?p=3289"},"modified":"2022-06-06T12:57:36","modified_gmt":"2022-06-06T12:57:36","slug":"mujeres-organizadas-de-sucumbios-participaron-de-la-5ta-edicion-de-la-feria-de-los-cuidados","status":"publish","type":"post","link":"https:\/\/radiosucumbios.org.ec\/?p=3289","title":{"rendered":"Mujeres organizadas de Sucumb\u00edos participaron de la 5ta edicion de la feria de los cuidados"},"content":{"rendered":"\n<p>De distintas partes de la provincia de Sucumb\u00edos llegaron las mujeres organizadas para participar en la 5ta edici\u00f3n de la Feria de los Cuidados organizada por la Federaci\u00f3n de Mujeres, donde expusieron sus emprendimientos como tambi\u00e9n la venta de los productos de la zona la mayor\u00eda cultivados con abono org\u00e1nico.<\/p>\n\n\n\n<!--more-->\n\n\n\n<p>Como siempre la din\u00e1mica de las ferias en las ventas, por cada 5 d\u00f3lares de compras entregaban boletos para participar en la rifa de diferentes productos, de esta manera incentivando a quienes adquir\u00edan los productos.<\/p>\n\n\n\n<p>Nelly Yarpaz de la Asociaci\u00f3n Mujeres Campesinas de la parroquia santa Barbara cant\u00f3n Sucumb\u00edos, manifest\u00f3 que en la organizaci\u00f3n se turnan para participar en las ferias y mostraron sus productos como el tomate, naranjilla, quesillo, entre otros.<\/p>\n\n\n\n<p>Do\u00f1a Mar\u00eda Ullaury socia de la Asociaci\u00f3n Narcisa de Jes\u00fas de las comunidades de la V\u00eda al Guanta, parroquia El Eno, manifest\u00f3 que la din\u00e1mica de la organizaci\u00f3n es que, si las compa\u00f1eras no disponen del tiempo para participar en las ferias, quienes participan traen sus productos para ayudar a vender.<\/p>\n\n\n\n<p>Con la venta de estos emprendimientos las mujeres aportamos en el hogar para la educaci\u00f3n, salud, y las necesidades de nuestros hijos, explico, Silvia Salazar de la organizaci\u00f3n Aguas Claras recinto San Andr\u00e9s cant\u00f3n C\u00e1scales<\/p>\n\n\n\n<iframe loading=\"lazy\" src=\"https:\/\/www.facebook.com\/plugins\/video.php?height=314&#038;href=https%3A%2F%2Fwww.facebook.com%2Fsucumbiosradio%2Fvideos%2F1419689741810901%2F&#038;show_text=true&#038;width=560&#038;t=601\" width=\"560\" height=\"429\" style=\"border:none;overflow:hidden\" scrolling=\"no\" frameborder=\"0\" allowfullscreen=\"true\" allow=\"autoplay; clipboard-write; encrypted-media; picture-in-picture; web-share\" allowFullScreen=\"true\"><\/iframe>\n","protected":false},"excerpt":{"rendered":"<p>De distintas partes de la provincia de Sucumb\u00edos llegaron las mujeres organizadas para participar en la 5ta edici\u00f3n de la Feria de los Cuidados organizada por la Federaci\u00f3n de Mujeres, donde expusieron sus emprendimientos como tambi\u00e9n la venta de los productos de la zona la mayor\u00eda cultivados con abono org\u00e1nico.<\/p>\n","protected":false},"author":2617,"featured_media":3290,"comment_status":"open","ping_status":"closed","sticky":false,"template":"","format":"standard","meta":{"footnotes":""},"categories":[3,5],"tags":[],"class_list":["post-3289","post","type-post","status-publish","format-standard","has-post-thumbnail","hentry","category-noticias","category-sucumbios"],"_links":{"self":[{"href":"https:\/\/radiosucumbios.org.ec\/index.php?rest_route=\/wp\/v2\/posts\/3289","targetHints":{"allow":["GET"]}}],"collection":[{"href":"https:\/\/radiosucumbios.org.ec\/index.php?rest_route=\/wp\/v2\/posts"}],"about":[{"href":"https:\/\/radiosucumbios.org.ec\/index.php?rest_route=\/wp\/v2\/types\/post"}],"author":[{"embeddable":true,"href":"https:\/\/radiosucumbios.org.ec\/index.php?rest_route=\/wp\/v2\/users\/2617"}],"replies":[{"embeddable":true,"href":"https:\/\/radiosucumbios.org.ec\/index.php?rest_route=%2Fwp%2Fv2%2Fcomments&post=3289"}],"version-history":[{"count":1,"href":"https:\/\/radiosucumbios.org.ec\/index.php?rest_route=\/wp\/v2\/posts\/3289\/revisions"}],"predecessor-version":[{"id":3291,"href":"https:\/\/radiosucumbios.org.ec\/index.php?rest_route=\/wp\/v2\/posts\/3289\/revisions\/3291"}],"wp:featuredmedia":[{"embeddable":true,"href":"https:\/\/radiosucumbios.org.ec\/index.php?rest_route=\/wp\/v2\/media\/3290"}],"wp:attachment":[{"href":"https:\/\/radiosucumbios.org.ec\/index.php?rest_route=%2Fwp%2Fv2%2Fmedia&parent=3289"}],"wp:term":[{"taxonomy":"category","embeddable":true,"href":"https:\/\/radiosucumbios.org.ec\/index.php?rest_route=%2Fwp%2Fv2%2Fcategories&post=3289"},{"taxonomy":"post_tag","embeddable":true,"href":"https:\/\/radiosucumbios.org.ec\/index.php?rest_route=%2Fwp%2Fv2%2Ftags&post=3289"}],"curies":[{"name":"wp","href":"https:\/\/api.w.org\/{rel}","templated":true}]}}