{"id":3311,"date":"2022-07-05T23:02:30","date_gmt":"2022-07-05T23:02:30","guid":{"rendered":"https:\/\/radiosucumbios.org.ec\/?p=3311"},"modified":"2022-07-05T23:04:29","modified_gmt":"2022-07-05T23:04:29","slug":"en-sucumbios-se-cierran-dos-vias-por-fuertes-lluvias","status":"publish","type":"post","link":"https:\/\/radiosucumbios.org.ec\/?p=3311","title":{"rendered":"En Sucumb\u00edos se cierran dos v\u00edas por fuertes lluvias"},"content":{"rendered":"\n<p>Las v\u00edas Quito &#8211; Lago Agrio y Lumbaqui &#8211; Tulc\u00e1n se encuentran cerradas<\/p>\n\n\n\n<!--more-->\n\n\n\n<p>En varias zonas de la provincia de Sucumb\u00edos, se han registrado fuertes lluvias durante las \u00faltimas horas, lo que ha provocado el cierre de v\u00edas. A trav\u00e9s de un comunicado oficial del Ministerio de Obra P\u00fablicas (MTOP), inform\u00f3 que este 5 de julio la v\u00eda estatal E10, en el tramo Lumbaqu\u00ed- La Bonita- Julio Andrade se encuentra cerrada.<\/p>\n\n\n\n<p>Germ\u00e1n Armas, representante del Servicio Nacional de Gesti\u00f3n de Riesgos y Emergencias en Sucumb\u00edos, manifest\u00f3 que son 15 deslizamientos que se han provocado en ese tramo. Las fechas de junio y julio son temporadas de lluvias, donde se presencia mayores deslizamientos e impide el tr\u00e1nsito vehicular.<\/p>\n\n\n\n<p>Desde el pasado s\u00e1bado 2 de julio de 2022, varios transportista quedaron atrapados en medio de los derrumbes entre la Barquilla &#8211; El Play\u00f3n de San Francisco cant\u00f3n Sucumb\u00edos. Hasta el momento no ha podido salir por mal tiempo y las afectaciones en la v\u00eda Interoce\u00e1nica. Seg\u00fan los habitantes las afectaciones es varios puntos y dificulta avanzar con la limpieza por la poca asistencia de maquinaria. Esperan que las autoridades pueden incrementar los trabajos para lograr despejar la carretera.<\/p>\n\n\n\n<figure class=\"wp-block-image size-large\"><img loading=\"lazy\" decoding=\"async\" width=\"768\" height=\"1024\" src=\"https:\/\/radiosucumbios.org.ec\/wp-content\/uploads\/2022\/07\/labonita-768x1024.jpg\" alt=\"\" class=\"wp-image-3313\" srcset=\"https:\/\/radiosucumbios.org.ec\/wp-content\/uploads\/2022\/07\/labonita-768x1024.jpg 768w, https:\/\/radiosucumbios.org.ec\/wp-content\/uploads\/2022\/07\/labonita-225x300.jpg 225w, https:\/\/radiosucumbios.org.ec\/wp-content\/uploads\/2022\/07\/labonita-1152x1536.jpg 1152w, https:\/\/radiosucumbios.org.ec\/wp-content\/uploads\/2022\/07\/labonita.jpg 1200w\" sizes=\"auto, (max-width: 768px) 100vw, 768px\" \/><\/figure>\n\n\n\n<iframe loading=\"lazy\" src=\"https:\/\/www.facebook.com\/plugins\/video.php?height=252&#038;href=https%3A%2F%2Fwww.facebook.com%2Fradiosucumbios%2Fvideos%2F721121729004480%2F&#038;show_text=false&#038;width=560&#038;t=0\" width=\"560\" height=\"252\" style=\"border:none;overflow:hidden\" scrolling=\"no\" frameborder=\"0\" allowfullscreen=\"true\" allow=\"autoplay; clipboard-write; encrypted-media; picture-in-picture; web-share\" allowFullScreen=\"true\"><\/iframe>\n\n\n\n<p><strong>V\u00cdA QUITO &#8211; LAGO AGRIO TAMBIEN EST\u00c1 CERRADA<\/strong><\/p>\n\n\n\n<p>La v\u00eda E45 que conecta a Napo y Sucumbios, en el tramo El Chaco &#8211; Reventador, amaneci\u00f3 el 4 de julio con grietas y a punto de colapsar por completo en la parte alta de San Luis. La variante que tom\u00f3 m\u00e1s de 5 meses a base de mingas ahora ya colaps\u00f3 dejando definitivamente sin paso.<\/p>\n\n\n\n<figure class=\"wp-block-image size-large\"><img loading=\"lazy\" decoding=\"async\" width=\"720\" height=\"960\" src=\"https:\/\/radiosucumbios.org.ec\/wp-content\/uploads\/2022\/07\/VARIANTEDELPUEBLO.jpg\" alt=\"\" class=\"wp-image-3314\" srcset=\"https:\/\/radiosucumbios.org.ec\/wp-content\/uploads\/2022\/07\/VARIANTEDELPUEBLO.jpg 720w, https:\/\/radiosucumbios.org.ec\/wp-content\/uploads\/2022\/07\/VARIANTEDELPUEBLO-225x300.jpg 225w\" sizes=\"auto, (max-width: 720px) 100vw, 720px\" \/><\/figure>\n\n\n\n<iframe loading=\"lazy\" src=\"https:\/\/www.facebook.com\/plugins\/video.php?height=314&#038;href=https%3A%2F%2Fwww.facebook.com%2Fradiosucumbios%2Fvideos%2F582842643220622%2F&#038;show_text=false&#038;width=560&#038;t=0\" width=\"560\" height=\"314\" style=\"border:none;overflow:hidden\" scrolling=\"no\" frameborder=\"0\" allowfullscreen=\"true\" allow=\"autoplay; clipboard-write; encrypted-media; picture-in-picture; web-share\" allowFullScreen=\"true\"><\/iframe>\n","protected":false},"excerpt":{"rendered":"<p>Las v\u00edas Quito &#8211; Lago Agrio y Lumbaqui &#8211; Tulc\u00e1n se encuentran cerradas<\/p>\n","protected":false},"author":1,"featured_media":3312,"comment_status":"open","ping_status":"closed","sticky":false,"template":"","format":"standard","meta":{"footnotes":""},"categories":[1],"tags":[],"class_list":["post-3311","post","type-post","status-publish","format-standard","has-post-thumbnail","hentry","category-uncategorized"],"_links":{"self":[{"href":"https:\/\/radiosucumbios.org.ec\/index.php?rest_route=\/wp\/v2\/posts\/3311","targetHints":{"allow":["GET"]}}],"collection":[{"href":"https:\/\/radiosucumbios.org.ec\/index.php?rest_route=\/wp\/v2\/posts"}],"about":[{"href":"https:\/\/radiosucumbios.org.ec\/index.php?rest_route=\/wp\/v2\/types\/post"}],"author":[{"embeddable":true,"href":"https:\/\/radiosucumbios.org.ec\/index.php?rest_route=\/wp\/v2\/users\/1"}],"replies":[{"embeddable":true,"href":"https:\/\/radiosucumbios.org.ec\/index.php?rest_route=%2Fwp%2Fv2%2Fcomments&post=3311"}],"version-history":[{"count":2,"href":"https:\/\/radiosucumbios.org.ec\/index.php?rest_route=\/wp\/v2\/posts\/3311\/revisions"}],"predecessor-version":[{"id":3317,"href":"https:\/\/radiosucumbios.org.ec\/index.php?rest_route=\/wp\/v2\/posts\/3311\/revisions\/3317"}],"wp:featuredmedia":[{"embeddable":true,"href":"https:\/\/radiosucumbios.org.ec\/index.php?rest_route=\/wp\/v2\/media\/3312"}],"wp:attachment":[{"href":"https:\/\/radiosucumbios.org.ec\/index.php?rest_route=%2Fwp%2Fv2%2Fmedia&parent=3311"}],"wp:term":[{"taxonomy":"category","embeddable":true,"href":"https:\/\/radiosucumbios.org.ec\/index.php?rest_route=%2Fwp%2Fv2%2Fcategories&post=3311"},{"taxonomy":"post_tag","embeddable":true,"href":"https:\/\/radiosucumbios.org.ec\/index.php?rest_route=%2Fwp%2Fv2%2Ftags&post=3311"}],"curies":[{"name":"wp","href":"https:\/\/api.w.org\/{rel}","templated":true}]}}