{"id":39,"date":"2017-07-10T02:03:34","date_gmt":"2017-07-10T02:03:34","guid":{"rendered":"http:\/\/radiosucumbios.org.ec\/?p=39"},"modified":"2017-07-10T02:03:34","modified_gmt":"2017-07-10T02:03:34","slug":"encuentro-de-nacionalidades-por-el-dialogo-intercultural","status":"publish","type":"post","link":"https:\/\/radiosucumbios.org.ec\/?p=39","title":{"rendered":"Encuentro de nacionalidades por el Di\u00e1logo Intercultural"},"content":{"rendered":"<h6>Con el objetivo de fortalecer el proceso organizativo de los pueblos y nacionalidades, en la provincia de Sucumb\u00edos se desarroll\u00f3 el encuentro denominado \u201cPor el Dialogo Intercultural\u201d, la coordinaci\u00f3n llevaron las autoridades de la Secretaria de Gesti\u00f3n de la Pol\u00edtica.<!--more--><\/h6>\n<p>Temas como la lucha hist\u00f3rica de los pueblos y nacionalidades, formaci\u00f3n econ\u00f3mica y social ecuatoriana, plan para eliminar la discriminaci\u00f3n racial; fueron considerados para este encuentro, donde asistieron la mayor\u00eda de los dirigentes de las nacionalidades existentes en Sucumb\u00edos.<\/p>\n<p>Miguel \u00c1ngel Carlosama, t\u00e9cnico del Consejo para la Igualdad de Pueblos y Nacionalidades, narr\u00f3 como las organizaciones ind\u00edgenas en el Ecuador han sido relegados, incluso los propios dirigentes ind\u00edgenas cuando fueron tomados en cuenta dentro de los ministerios, no habr\u00eda cumplido su rol de defender a las nacionalidades.<\/p>\n<p>Refiri\u00e9ndose a la Constituci\u00f3n desde el 2008, el dirigente manifiesta que fueron insertados y reconocidos como tal e incluso creando el Consejo Nacional de Igualdad, las que han permitido construir a trav\u00e9s de las organizaciones, puntualiz\u00f3 el dirigente.<\/p>\n<p>Gonzalo Naun, de la nacionalidad kichwa, manifiesta que constantemente son discriminados, para obtener un cr\u00e9dito no se puede porque tienen sus territorios comunales, en la posibilidad de trabajo para los bachilleres tambi\u00e9n son negados porque no tienen una preparaci\u00f3n de tercer nivel, indic\u00f3 el dirigente.<\/p>\n<p>Domingo Casent, de la nacionalidad Shuar, hizo referencia a un proyecto de fortalecimiento organizativo que presentaron hace un a\u00f1o, pero aun no tienen ninguna respuesta, sin embargo asistir\u00e1n con este nuevo gobierno, acot\u00f3.<\/p>\n","protected":false},"excerpt":{"rendered":"<p>Con el objetivo de fortalecer el proceso organizativo de los pueblos y nacionalidades, en la provincia de Sucumb\u00edos se desarroll\u00f3 el encuentro denominado \u201cPor el Dialogo Intercultural\u201d, la coordinaci\u00f3n llevaron las autoridades de la Secretaria de Gesti\u00f3n de la Pol\u00edtica.<\/p>\n","protected":false},"author":1,"featured_media":40,"comment_status":"open","ping_status":"closed","sticky":false,"template":"","format":"standard","meta":{"footnotes":""},"categories":[10],"tags":[],"class_list":["post-39","post","type-post","status-publish","format-standard","has-post-thumbnail","hentry","category-interculturalidad"],"_links":{"self":[{"href":"https:\/\/radiosucumbios.org.ec\/index.php?rest_route=\/wp\/v2\/posts\/39","targetHints":{"allow":["GET"]}}],"collection":[{"href":"https:\/\/radiosucumbios.org.ec\/index.php?rest_route=\/wp\/v2\/posts"}],"about":[{"href":"https:\/\/radiosucumbios.org.ec\/index.php?rest_route=\/wp\/v2\/types\/post"}],"author":[{"embeddable":true,"href":"https:\/\/radiosucumbios.org.ec\/index.php?rest_route=\/wp\/v2\/users\/1"}],"replies":[{"embeddable":true,"href":"https:\/\/radiosucumbios.org.ec\/index.php?rest_route=%2Fwp%2Fv2%2Fcomments&post=39"}],"version-history":[{"count":1,"href":"https:\/\/radiosucumbios.org.ec\/index.php?rest_route=\/wp\/v2\/posts\/39\/revisions"}],"predecessor-version":[{"id":41,"href":"https:\/\/radiosucumbios.org.ec\/index.php?rest_route=\/wp\/v2\/posts\/39\/revisions\/41"}],"wp:featuredmedia":[{"embeddable":true,"href":"https:\/\/radiosucumbios.org.ec\/index.php?rest_route=\/wp\/v2\/media\/40"}],"wp:attachment":[{"href":"https:\/\/radiosucumbios.org.ec\/index.php?rest_route=%2Fwp%2Fv2%2Fmedia&parent=39"}],"wp:term":[{"taxonomy":"category","embeddable":true,"href":"https:\/\/radiosucumbios.org.ec\/index.php?rest_route=%2Fwp%2Fv2%2Fcategories&post=39"},{"taxonomy":"post_tag","embeddable":true,"href":"https:\/\/radiosucumbios.org.ec\/index.php?rest_route=%2Fwp%2Fv2%2Ftags&post=39"}],"curies":[{"name":"wp","href":"https:\/\/api.w.org\/{rel}","templated":true}]}}