{"id":409,"date":"2017-07-15T17:46:31","date_gmt":"2017-07-15T17:46:31","guid":{"rendered":"https:\/\/radiosucumbios.org.ec\/?p=409"},"modified":"2017-07-15T21:46:48","modified_gmt":"2017-07-15T21:46:48","slug":"treinta-anos-accion-feminista-cumple-la-federacion-mujeres","status":"publish","type":"post","link":"https:\/\/radiosucumbios.org.ec\/?p=409","title":{"rendered":"Treinta a\u00f1os de acci\u00f3n feminista cumple la Federaci\u00f3n de Mujeres"},"content":{"rendered":"<h4><span style=\"font-family: tahoma, arial, helvetica, sans-serif;\">En las calles de Nueva Loja con consignas pro derechos y en su casa con una acto solemne la Federaci\u00f3n de Mujeres celebr\u00f3 sus 30 a\u00f1os.<\/span><\/h4>\n<p><!--more--><\/p>\n<p><span style=\"font-family: tahoma, arial, helvetica, sans-serif;\">Varias organizaciones de mujeres de los cantones de la provincia de Sucumb\u00edos asistieron al llamado para celebrar este aniversario de la Federaci\u00f3n.<\/span><\/p>\n<p><span style=\"font-family: tahoma, arial, helvetica, sans-serif;\">En las instalaciones de la Federaci\u00f3n de Mujeres se llev\u00f3 a efecto una sesi\u00f3n solemne en donde destacaron la lucha de las mujeres por organizarse y trabajar por la igualdad de derechos.<\/span><\/p>\n<p><span style=\"font-family: tahoma, arial, helvetica, sans-serif;\">As\u00ed mismo resaltaron la laborar misionera de Monse\u00f1or Gonzalo L\u00f3pez, Obispo \u00c9merito de Sucumb\u00edos qui\u00e9n falleci\u00f3 el 7 de mayo del 2016 cumpliendo la laborar misionera en el continente Africano.<\/span><\/p>\n<p><span style=\"font-family: tahoma, arial, helvetica, sans-serif;\">Gonz\u00e1lo como le dicen de cari\u00f1o las mujeres es qui\u00e9n les ha motivado a luchar por sus derechos en esta provincia, a trav\u00e9s de la evangelizaci\u00f3n y el caminar social de la iglesia de Sucumb\u00edos.<\/span><\/p>\n<p><span style=\"font-family: tahoma, arial, helvetica, sans-serif;\">En la celebraci\u00f3n tambi\u00e9n bautizaron al sal\u00f3n de reuniones\u00a0de la Federaci\u00f3n de Mujeres como: Sal\u00f3n de reuniones Gonz\u00e1lo L\u00f3pez<\/span><\/p>\n<p><span style=\"font-family: tahoma, arial, helvetica, sans-serif;\">Noemi Torres ex directora de Radio Sucumb\u00edos hace memoria del camino de la Federaci\u00f3n de Mujeres, recuerda que hace 30 a\u00f1os se reun\u00edan las mujeres en el Colegio Pac\u00edfico en la ciudad de Nueva Loja con el prop\u00f3sito de conformar la Federaci\u00f3n de Mujeres del Nor Oriente que actualmente se la conoce como la Federaci\u00f3n de Mujeres de Sucumb\u00edos<\/span><\/p>\n","protected":false},"excerpt":{"rendered":"<p>En las calles de Nueva Loja con consignas pro derechos y en su casa con una acto solemne la Federaci\u00f3n de Mujeres celebr\u00f3 sus 30 a\u00f1os.<\/p>\n","protected":false},"author":1,"featured_media":407,"comment_status":"open","ping_status":"closed","sticky":false,"template":"","format":"standard","meta":{"footnotes":""},"categories":[3,5],"tags":[26,27],"class_list":["post-409","post","type-post","status-publish","format-standard","has-post-thumbnail","hentry","category-noticias","category-sucumbios","tag-30-anos","tag-federacion-de-mujeres"],"_links":{"self":[{"href":"https:\/\/radiosucumbios.org.ec\/index.php?rest_route=\/wp\/v2\/posts\/409","targetHints":{"allow":["GET"]}}],"collection":[{"href":"https:\/\/radiosucumbios.org.ec\/index.php?rest_route=\/wp\/v2\/posts"}],"about":[{"href":"https:\/\/radiosucumbios.org.ec\/index.php?rest_route=\/wp\/v2\/types\/post"}],"author":[{"embeddable":true,"href":"https:\/\/radiosucumbios.org.ec\/index.php?rest_route=\/wp\/v2\/users\/1"}],"replies":[{"embeddable":true,"href":"https:\/\/radiosucumbios.org.ec\/index.php?rest_route=%2Fwp%2Fv2%2Fcomments&post=409"}],"version-history":[{"count":7,"href":"https:\/\/radiosucumbios.org.ec\/index.php?rest_route=\/wp\/v2\/posts\/409\/revisions"}],"predecessor-version":[{"id":416,"href":"https:\/\/radiosucumbios.org.ec\/index.php?rest_route=\/wp\/v2\/posts\/409\/revisions\/416"}],"wp:featuredmedia":[{"embeddable":true,"href":"https:\/\/radiosucumbios.org.ec\/index.php?rest_route=\/wp\/v2\/media\/407"}],"wp:attachment":[{"href":"https:\/\/radiosucumbios.org.ec\/index.php?rest_route=%2Fwp%2Fv2%2Fmedia&parent=409"}],"wp:term":[{"taxonomy":"category","embeddable":true,"href":"https:\/\/radiosucumbios.org.ec\/index.php?rest_route=%2Fwp%2Fv2%2Fcategories&post=409"},{"taxonomy":"post_tag","embeddable":true,"href":"https:\/\/radiosucumbios.org.ec\/index.php?rest_route=%2Fwp%2Fv2%2Ftags&post=409"}],"curies":[{"name":"wp","href":"https:\/\/api.w.org\/{rel}","templated":true}]}}