{"id":418,"date":"2017-07-21T12:41:44","date_gmt":"2017-07-21T12:41:44","guid":{"rendered":"https:\/\/radiosucumbios.org.ec\/?p=418"},"modified":"2017-07-21T12:44:12","modified_gmt":"2017-07-21T12:44:12","slug":"volcan-reventador","status":"publish","type":"post","link":"https:\/\/radiosucumbios.org.ec\/?p=418","title":{"rendered":"Volc\u00e1n Reventador genera preocupaci\u00f3n en Sucumb\u00edos"},"content":{"rendered":"<h3><span style=\"font-family: tahoma, arial, helvetica, sans-serif;\">El Volc\u00e1n Reventador increment\u00f3 su actividad eruptiva en las \u00faltimas semanas lo cual ha generado afectaciones en la poblaci\u00f3n y producci\u00f3n aleda\u00f1a al coloso.<\/span><\/h3>\n<p><!--more--><\/p>\n<p><span style=\"font-family: tahoma, arial, helvetica, sans-serif;\">Aproximadamente 25 personas que habitan en el recinto la Libertad han experimentado afectaciones en la salud a consecuencia de la ca\u00edda de ceniza en el sector, afirm\u00f3 <strong>Janeth Jaramillo<\/strong> coordinadora de la Unidad de Gesti\u00f3n de Riesgos del Gobierno Municipal Gonzalo Pizarro.<\/span><\/p>\n<p><span style=\"font-family: tahoma, arial, helvetica, sans-serif;\">Tambi\u00e9n hay reportes de afectaciones en la producci\u00f3n y animales de granja de los campesinos.<\/span><\/p>\n<p><span style=\"font-family: tahoma, arial, helvetica, sans-serif;\">Janeth Jaramillo, se\u00f1al\u00f3 que dando cumplimiento al sistema nacional descentralizado de gesti\u00f3n de riesgos, se convoc\u00f3 a los responsables de las mesas t\u00e9cnicas institucionales para preparar acciones ante las eventualidades que se puedan presentar con el Volc\u00e1n Reventador y dar respuestas a los problemas detectados en la zona.<\/span><\/p>\n<h3>ACCIONES INMEDIATAS:<\/h3>\n<p><span style=\"font-family: tahoma, arial, helvetica, sans-serif;\">La mesa dos, que trata temas de salud saneamiento higiene, resolvi\u00f3 acudir el lunes 24 de Julio al recinto la Libertad con una brigada m\u00e9dica, tambi\u00e9n llevaran mascarillas para la poblaci\u00f3n<\/span><\/p>\n<p><span style=\"font-family: tahoma, arial, helvetica, sans-serif;\">\u201cExisten afectaciones respiratorias y de piel en las familias del recinto La Libertad, en el sitio se evidenci\u00f3 la ca\u00edda de ceniza volc\u00e1nica en poca cantidad, pero de igual forma afecta a la salud de las personas\u201d dijo Janeth Jaramillo coordinadora de la Unidad de Gesti\u00f3n de Riesgos del Gobierno Municipal Gonzalo Pizarro.<\/span><\/p>\n<p><span style=\"font-family: tahoma, arial, helvetica, sans-serif;\">La mesa t\u00e9cnica seis tambi\u00e9n se trasladara a la zona con una cl\u00ednica m\u00f3vil veterinaria para evaluar las afectaciones de los animales de granja y cultivos de los agricultores, \u201ccultivos como tomate de \u00e1rbol y naranjilla evidenciamos que se encuentran afectados.<\/span><\/p>\n<h3>TURISMO:<\/h3>\n<p><span style=\"font-family: tahoma, arial, helvetica, sans-serif;\">As\u00ed mismos realizar\u00e1 una evaluaci\u00f3n de las actividades tur\u00edsticas que se desarrollan en la zona, se revisaran si los operadores tur\u00edsticos cuentan con planes de contingencia actualizados y si los gu\u00edas tur\u00edsticos est\u00e1n debidamente capacitados para detectar alguna amenaza que pueda generarse con el Volc\u00e1n Reventador.<\/span><\/p>\n<h3>COE CANTONAL:<\/h3>\n<p><span style=\"font-family: tahoma, arial, helvetica, sans-serif;\">Janeth Jaramillo, directora de la Unidad de Gesti\u00f3n de Riesgos del Gobierno Municipal Gonzalo Pizarro, considera que por ahora no es necesario activar el COE Cantonal, pero si las mesas t\u00e9cnicas que ya se pusieron en alerta.<\/span><\/p>\n<p><img loading=\"lazy\" decoding=\"async\" class=\" wp-image-420 aligncenter\" src=\"https:\/\/radiosucumbios.org.ec\/wp-content\/uploads\/2017\/07\/mesas-tecnicas-de-sucumbios-300x225.jpg\" alt=\"\" width=\"630\" height=\"472\" srcset=\"https:\/\/radiosucumbios.org.ec\/wp-content\/uploads\/2017\/07\/mesas-tecnicas-de-sucumbios-300x225.jpg 300w, https:\/\/radiosucumbios.org.ec\/wp-content\/uploads\/2017\/07\/mesas-tecnicas-de-sucumbios-768x576.jpg 768w, https:\/\/radiosucumbios.org.ec\/wp-content\/uploads\/2017\/07\/mesas-tecnicas-de-sucumbios.jpg 960w\" sizes=\"auto, (max-width: 630px) 100vw, 630px\" \/><\/p>\n","protected":false},"excerpt":{"rendered":"<p>El Volc\u00e1n Reventador increment\u00f3 su actividad eruptiva en las \u00faltimas semanas lo cual ha generado afectaciones en la poblaci\u00f3n y producci\u00f3n aleda\u00f1a al coloso.<\/p>\n","protected":false},"author":1,"featured_media":419,"comment_status":"open","ping_status":"closed","sticky":false,"template":"","format":"standard","meta":{"footnotes":""},"categories":[3,5],"tags":[30,29,14,28],"class_list":["post-418","post","type-post","status-publish","format-standard","has-post-thumbnail","hentry","category-noticias","category-sucumbios","tag-gonzalo-pizarro","tag-reventador","tag-sucumbios","tag-volcan"],"_links":{"self":[{"href":"https:\/\/radiosucumbios.org.ec\/index.php?rest_route=\/wp\/v2\/posts\/418","targetHints":{"allow":["GET"]}}],"collection":[{"href":"https:\/\/radiosucumbios.org.ec\/index.php?rest_route=\/wp\/v2\/posts"}],"about":[{"href":"https:\/\/radiosucumbios.org.ec\/index.php?rest_route=\/wp\/v2\/types\/post"}],"author":[{"embeddable":true,"href":"https:\/\/radiosucumbios.org.ec\/index.php?rest_route=\/wp\/v2\/users\/1"}],"replies":[{"embeddable":true,"href":"https:\/\/radiosucumbios.org.ec\/index.php?rest_route=%2Fwp%2Fv2%2Fcomments&post=418"}],"version-history":[{"count":2,"href":"https:\/\/radiosucumbios.org.ec\/index.php?rest_route=\/wp\/v2\/posts\/418\/revisions"}],"predecessor-version":[{"id":422,"href":"https:\/\/radiosucumbios.org.ec\/index.php?rest_route=\/wp\/v2\/posts\/418\/revisions\/422"}],"wp:featuredmedia":[{"embeddable":true,"href":"https:\/\/radiosucumbios.org.ec\/index.php?rest_route=\/wp\/v2\/media\/419"}],"wp:attachment":[{"href":"https:\/\/radiosucumbios.org.ec\/index.php?rest_route=%2Fwp%2Fv2%2Fmedia&parent=418"}],"wp:term":[{"taxonomy":"category","embeddable":true,"href":"https:\/\/radiosucumbios.org.ec\/index.php?rest_route=%2Fwp%2Fv2%2Fcategories&post=418"},{"taxonomy":"post_tag","embeddable":true,"href":"https:\/\/radiosucumbios.org.ec\/index.php?rest_route=%2Fwp%2Fv2%2Ftags&post=418"}],"curies":[{"name":"wp","href":"https:\/\/api.w.org\/{rel}","templated":true}]}}