{"id":429,"date":"2017-07-25T23:55:02","date_gmt":"2017-07-25T23:55:02","guid":{"rendered":"https:\/\/radiosucumbios.org.ec\/?p=429"},"modified":"2017-07-25T23:55:02","modified_gmt":"2017-07-25T23:55:02","slug":"ninas-asesinadas","status":"publish","type":"post","link":"https:\/\/radiosucumbios.org.ec\/?p=429","title":{"rendered":"Ni\u00f1as fueron cobardemente asesinadas en Duvuno"},"content":{"rendered":"<h3>Habitantes de la comuna ind\u00edgena Cofan Duvuno, perteneciente a la parroquia Sevilla Cant\u00f3n Cascales provincia de Sucumb\u00edos, se encuentran consternados ante el asesinato de dos ni\u00f1as de 5 y 7 a\u00f1os de edad.<!--more--><\/h3>\n<p>Este reprochable hecho se suscit\u00f3 el lunes 24 de Julio a eso de las 14 horas.<\/p>\n<p>Las menores Shirley y Yuri Queta Cerda, fueron encontradas muertas en la segunda planta de la vivienda de la familia Queta Cerda, metidas en una maleta de madera.<\/p>\n<p>Familiares de las v\u00edctimas aseguran que se trata de un doble asesinato y descartan que hayan muerto por alg\u00fan accidente.<\/p>\n<p>Seg\u00fan el padre las menores, don Miguel Queta, sus peque\u00f1as hijas fueron encontradas con signos de haber sido maltratadas, asfixiadas, ensuciadas en arena, y ahogadas.<\/p>\n<p>Un riachuelo pasa junto a la vivienda<br \/>\nLas menores se encontraban solas en la casa, mientras sus padres y sus hermanas se fueron a cosechar ma\u00edz en la chacra.<\/p>\n<p>Las autoridades ya tomaron procedimiento e iniciaron las investigaciones para dar con los autores del presunto crimen, hasta hora se desconoce los m\u00f3viles del doble asesinato de las ni\u00f1as cofanes.<\/p>\n<h3>\nHay temor en la comunidad los ni\u00f1os est\u00e1n asustados.<\/h3>\n<p>Los ni\u00f1os ya no quieren quedarse solos en casa, sin la compa\u00f1\u00eda de sus padres, nunca antes a ocurrido un hecho tan indignante y reprochable como este.<\/p>\n<p>Claman por seguridad, dicen que las comunas del sector sur de Cascales se encuentran abandonadas a su suerte, los asaltos, robos, son constantes<\/p>\n","protected":false},"excerpt":{"rendered":"<p>Habitantes de la comuna ind\u00edgena Cofan Duvuno, perteneciente a la parroquia Sevilla Cant\u00f3n Cascales provincia de Sucumb\u00edos, se encuentran consternados ante el asesinato de dos ni\u00f1as de 5 y 7 a\u00f1os de edad.<\/p>\n","protected":false},"author":1,"featured_media":430,"comment_status":"open","ping_status":"closed","sticky":false,"template":"","format":"standard","meta":{"footnotes":""},"categories":[3,5],"tags":[34,36,35,14],"class_list":["post-429","post","type-post","status-publish","format-standard","has-post-thumbnail","hentry","category-noticias","category-sucumbios","tag-asesinato","tag-cascales","tag-cofan-duvuno","tag-sucumbios"],"_links":{"self":[{"href":"https:\/\/radiosucumbios.org.ec\/index.php?rest_route=\/wp\/v2\/posts\/429","targetHints":{"allow":["GET"]}}],"collection":[{"href":"https:\/\/radiosucumbios.org.ec\/index.php?rest_route=\/wp\/v2\/posts"}],"about":[{"href":"https:\/\/radiosucumbios.org.ec\/index.php?rest_route=\/wp\/v2\/types\/post"}],"author":[{"embeddable":true,"href":"https:\/\/radiosucumbios.org.ec\/index.php?rest_route=\/wp\/v2\/users\/1"}],"replies":[{"embeddable":true,"href":"https:\/\/radiosucumbios.org.ec\/index.php?rest_route=%2Fwp%2Fv2%2Fcomments&post=429"}],"version-history":[{"count":1,"href":"https:\/\/radiosucumbios.org.ec\/index.php?rest_route=\/wp\/v2\/posts\/429\/revisions"}],"predecessor-version":[{"id":431,"href":"https:\/\/radiosucumbios.org.ec\/index.php?rest_route=\/wp\/v2\/posts\/429\/revisions\/431"}],"wp:featuredmedia":[{"embeddable":true,"href":"https:\/\/radiosucumbios.org.ec\/index.php?rest_route=\/wp\/v2\/media\/430"}],"wp:attachment":[{"href":"https:\/\/radiosucumbios.org.ec\/index.php?rest_route=%2Fwp%2Fv2%2Fmedia&parent=429"}],"wp:term":[{"taxonomy":"category","embeddable":true,"href":"https:\/\/radiosucumbios.org.ec\/index.php?rest_route=%2Fwp%2Fv2%2Fcategories&post=429"},{"taxonomy":"post_tag","embeddable":true,"href":"https:\/\/radiosucumbios.org.ec\/index.php?rest_route=%2Fwp%2Fv2%2Ftags&post=429"}],"curies":[{"name":"wp","href":"https:\/\/api.w.org\/{rel}","templated":true}]}}