{"id":561,"date":"2017-08-14T12:11:13","date_gmt":"2017-08-14T12:11:13","guid":{"rendered":"https:\/\/radiosucumbios.org.ec\/?p=561"},"modified":"2017-08-14T12:29:20","modified_gmt":"2017-08-14T12:29:20","slug":"limites-definitivos-la-parroquia-10-agosto-canton-lago-agrio","status":"publish","type":"post","link":"https:\/\/radiosucumbios.org.ec\/?p=561","title":{"rendered":"L\u00edmites definitivos de la parroquia 10 de Agosto cant\u00f3n Lago Agrio"},"content":{"rendered":"<h4>L\u00edmites definitivos de la parroquia \u00ab10 de Agosto\u00bb es lo que aclara la Ordenanza Sustitutiva que las autoridades municipales del cant\u00f3n Lago Agrio entregaron\u00a0a las autoridades del GAD Parroquial \u00a0durante la sesi\u00f3n solemne por el 5to aniversario de parroquializaci\u00f3n.<\/h4>\n<h4><!--more--><\/h4>\n<p>Las autoridades del Gobierno parroquial 10 de Agosto, indicaron que durante 5 a\u00f1os no ha podido percibir los recursos econ\u00f3micos desde el Estado por argumentos de ilegalidad en su formaci\u00f3n, ahora con este nuevo documento esperan que se desembolsen los recursos que corresponde a la parroquia,<\/p>\n<p>&nbsp;<\/p>\n<p>El se\u00f1or Melco Castillo, presidente del GAD parroquial 10 de Agosto, lamento la no presencia de las autoridades de la provincia y a la vez dijo que por problemas de legalidad de la parroquia no contaron con recursos y no han podido ejecutar obras en las comunidades.<\/p>\n<p>El alcalde del cant\u00f3n Lago Agrio abogado Vinicio Vega, indic\u00f3 que fue necesario hacer un trabajo para obtener los argumentos e informaci\u00f3n t\u00e9cnica para cumplir con uno de los requisitos que exig\u00edan desde la Secretaria Nacional de L\u00edmites y poder legalizar la parroquia.<\/p>\n<p>El ingeniero Edgar Cherres, parte del departamento de Planificaci\u00f3n del Gobierno Municipal de Lago Agrio, explic\u00f3 del proceso que tuvieron que realizar en las comunidades para obtener la informaci\u00f3n y terminar con el inconveniente que ten\u00eda la parroquia 10 de Agosto.<\/p>\n","protected":false},"excerpt":{"rendered":"<p>L\u00edmites definitivos de la parroquia \u00ab10 de Agosto\u00bb es lo que aclara la Ordenanza Sustitutiva que las autoridades municipales del cant\u00f3n Lago Agrio entregaron\u00a0a las autoridades del GAD Parroquial \u00a0durante la sesi\u00f3n solemne por el 5to aniversario de parroquializaci\u00f3n.<\/p>\n","protected":false},"author":1,"featured_media":562,"comment_status":"open","ping_status":"closed","sticky":false,"template":"","format":"standard","meta":{"footnotes":""},"categories":[3,5],"tags":[41,15],"class_list":["post-561","post","type-post","status-publish","format-standard","has-post-thumbnail","hentry","category-noticias","category-sucumbios","tag-10-de-agosto","tag-lago-agrio"],"_links":{"self":[{"href":"https:\/\/radiosucumbios.org.ec\/index.php?rest_route=\/wp\/v2\/posts\/561","targetHints":{"allow":["GET"]}}],"collection":[{"href":"https:\/\/radiosucumbios.org.ec\/index.php?rest_route=\/wp\/v2\/posts"}],"about":[{"href":"https:\/\/radiosucumbios.org.ec\/index.php?rest_route=\/wp\/v2\/types\/post"}],"author":[{"embeddable":true,"href":"https:\/\/radiosucumbios.org.ec\/index.php?rest_route=\/wp\/v2\/users\/1"}],"replies":[{"embeddable":true,"href":"https:\/\/radiosucumbios.org.ec\/index.php?rest_route=%2Fwp%2Fv2%2Fcomments&post=561"}],"version-history":[{"count":1,"href":"https:\/\/radiosucumbios.org.ec\/index.php?rest_route=\/wp\/v2\/posts\/561\/revisions"}],"predecessor-version":[{"id":563,"href":"https:\/\/radiosucumbios.org.ec\/index.php?rest_route=\/wp\/v2\/posts\/561\/revisions\/563"}],"wp:featuredmedia":[{"embeddable":true,"href":"https:\/\/radiosucumbios.org.ec\/index.php?rest_route=\/wp\/v2\/media\/562"}],"wp:attachment":[{"href":"https:\/\/radiosucumbios.org.ec\/index.php?rest_route=%2Fwp%2Fv2%2Fmedia&parent=561"}],"wp:term":[{"taxonomy":"category","embeddable":true,"href":"https:\/\/radiosucumbios.org.ec\/index.php?rest_route=%2Fwp%2Fv2%2Fcategories&post=561"},{"taxonomy":"post_tag","embeddable":true,"href":"https:\/\/radiosucumbios.org.ec\/index.php?rest_route=%2Fwp%2Fv2%2Ftags&post=561"}],"curies":[{"name":"wp","href":"https:\/\/api.w.org\/{rel}","templated":true}]}}