{"id":833,"date":"2017-08-25T11:29:28","date_gmt":"2017-08-25T11:29:28","guid":{"rendered":"https:\/\/radiosucumbios.org.ec\/?p=833"},"modified":"2017-08-25T11:29:28","modified_gmt":"2017-08-25T11:29:28","slug":"vicariato-aguarico-acoge-xxx-asamblea-diocesana-pastoral-del-vicariato-apostolico-san-miguel-sucumbios","status":"publish","type":"post","link":"https:\/\/radiosucumbios.org.ec\/?p=833","title":{"rendered":"Vicariato de Aguarico acoge XXX asamblea diocesana de pastoral del Vicariato Apost\u00f3lico San Miguel de Sucumb\u00edos"},"content":{"rendered":"<h3>Con la participaci\u00f3n de m\u00e1s de 120 delegados\/as de las distintas zonas, parroquias, movimientos y servicios pastorales, se inaugur\u00f3 la ma\u00f1ana del jueves 24 de Agosto la Trig\u00e9sima Asamblea Diocesana Pastoral del Vicariato Apost\u00f3lico San Miguel de Sucumb\u00edos.<\/h3>\n<p><!--more--><\/p>\n<p>El evento se realiza hasta el s\u00e1bado 26 de Agosto, en el Centro de Formaci\u00f3n del Vicariato Apostolico de Aguarico, provincia de Orellana.<\/p>\n<p>\u201cConocer y aprobar el Plan Quinquenal en las pastorales de Evangelizaci\u00f3n y Social, para en esp\u00edritu de comuni\u00f3n, sigamos construyendo una iglesia en salida\u201d es el objetivo general de esta Asamblea Diocesana.<\/p>\n<p>La Asamblea Diocesana es el organismo de m\u00e1xima representaci\u00f3n en la iglesia de San Miguel de Sucumb\u00edos, y tiene la responsabilidad de conducir y acompa\u00f1ar en Plan Conjunto de pastoral, as\u00ed como de expresar la unidad de la misma, impulsando la participaci\u00f3n de nuestra iglesia.<\/p>\n<p>Este es un proceso que se realiza cada a\u00f1o y hoy cumplimos 30 a\u00f1os de seguir juntos, demostrando que somos una iglesia con historia y en salida, que por m\u00e1s de tres d\u00e9cadas camina junto a su pueblo.<\/p>\n<p>La Iglesia de Cuenca a trav\u00e9s del P. Marcos Matamoros, acompa\u00f1a y asesora el proceso. El esp\u00edritu del Plan Quinquenal del Vicariato es, \u201cAmorosamente obligatorio\u201d, dijo Matamoros, al indicar que no se trata de un plan de instituci\u00f3n p\u00fablica o empresa privada. El plan del Vicariato Apost\u00f3lico San Miguel de Sucumb\u00edos, \u201ces la iluminaci\u00f3n para construir el Reino de Dios\u201d.<\/p>\n<p>Cada l\u00ednea de pastoral de evangelizaci\u00f3n, mediante la din\u00e1mica de la reja, presento su plan quinquenal. Los participantes de la asamblea anotaron las inquietudes y aportes que luego de un trabajo de grupos, fueron expuestos en plenaria.<\/p>\n<p>La jornada termino con la celebraci\u00f3n eucar\u00edstica presidida por monse\u00f1or Celmo Lazzari, teniendo presente que el d\u00eda de hoy se conmemor\u00f3 12 a\u00f1os de la inauguraci\u00f3n del Centro de Espiritualidad Monte Carmelo, importante proyecto y realidad de nuestra Iglesia para alimentar nuestro seguimiento personal y comunitario de Jes\u00fas.<\/p>\n","protected":false},"excerpt":{"rendered":"<p>Con la participaci\u00f3n de m\u00e1s de 120 delegados\/as de las distintas zonas, parroquias, movimientos y servicios pastorales, se inaugur\u00f3 la ma\u00f1ana del jueves 24 de Agosto la Trig\u00e9sima Asamblea Diocesana Pastoral del Vicariato Apost\u00f3lico San Miguel de Sucumb\u00edos.<\/p>\n","protected":false},"author":1,"featured_media":835,"comment_status":"open","ping_status":"closed","sticky":false,"template":"","format":"standard","meta":{"footnotes":""},"categories":[3,5],"tags":[45],"class_list":["post-833","post","type-post","status-publish","format-standard","has-post-thumbnail","hentry","category-noticias","category-sucumbios","tag-vicariato-apostolico-san-miguel-de-sucumbios"],"_links":{"self":[{"href":"https:\/\/radiosucumbios.org.ec\/index.php?rest_route=\/wp\/v2\/posts\/833","targetHints":{"allow":["GET"]}}],"collection":[{"href":"https:\/\/radiosucumbios.org.ec\/index.php?rest_route=\/wp\/v2\/posts"}],"about":[{"href":"https:\/\/radiosucumbios.org.ec\/index.php?rest_route=\/wp\/v2\/types\/post"}],"author":[{"embeddable":true,"href":"https:\/\/radiosucumbios.org.ec\/index.php?rest_route=\/wp\/v2\/users\/1"}],"replies":[{"embeddable":true,"href":"https:\/\/radiosucumbios.org.ec\/index.php?rest_route=%2Fwp%2Fv2%2Fcomments&post=833"}],"version-history":[{"count":1,"href":"https:\/\/radiosucumbios.org.ec\/index.php?rest_route=\/wp\/v2\/posts\/833\/revisions"}],"predecessor-version":[{"id":836,"href":"https:\/\/radiosucumbios.org.ec\/index.php?rest_route=\/wp\/v2\/posts\/833\/revisions\/836"}],"wp:featuredmedia":[{"embeddable":true,"href":"https:\/\/radiosucumbios.org.ec\/index.php?rest_route=\/wp\/v2\/media\/835"}],"wp:attachment":[{"href":"https:\/\/radiosucumbios.org.ec\/index.php?rest_route=%2Fwp%2Fv2%2Fmedia&parent=833"}],"wp:term":[{"taxonomy":"category","embeddable":true,"href":"https:\/\/radiosucumbios.org.ec\/index.php?rest_route=%2Fwp%2Fv2%2Fcategories&post=833"},{"taxonomy":"post_tag","embeddable":true,"href":"https:\/\/radiosucumbios.org.ec\/index.php?rest_route=%2Fwp%2Fv2%2Ftags&post=833"}],"curies":[{"name":"wp","href":"https:\/\/api.w.org\/{rel}","templated":true}]}}