{"id":847,"date":"2017-09-05T13:23:43","date_gmt":"2017-09-05T13:23:43","guid":{"rendered":"https:\/\/radiosucumbios.org.ec\/?p=847"},"modified":"2017-09-05T13:37:23","modified_gmt":"2017-09-05T13:37:23","slug":"sucumbios-orellana-reciben-desde-energia-la-hidroelectrica-coca-codo-sinclair","status":"publish","type":"post","link":"https:\/\/radiosucumbios.org.ec\/?p=847","title":{"rendered":"Sucumb\u00edos y Orellana reciben desde energ\u00eda de la hidroel\u00e9ctrica Coca Codo Sinclair"},"content":{"rendered":"<h3>Luego de diez meses de haberse inaugurado la central hidroel\u00e9ctrica Coca Codo Sinclair, (18 de noviembre 2016) las provincias de Orellana y Sucumb\u00edos reciben las primeras megas de energ\u00eda que genera esta central hidroel\u00e9ctrica<\/h3>\n<p><!--more--><\/p>\n<p>El domingo tres de septiembre, Traslectric puso en funcionamiento una subestaci\u00f3n denominada \u201cJivino\u201d construida en la parroquia San Pedro de los Cof\u00e1nes del cant\u00f3n Shushufindi, provincia de Sucumb\u00edos<\/p>\n<p>Esta subestaci\u00f3n recibe 167 megas de energ\u00eda provenientes de la Hidroel\u00e9ctrica \u00a0Coca Codo Sinclair\u00a0 y los distribuye para las seis subestaciones que tiene la Corporaci\u00f3n Nacional de Electricidad CNEL en Orellana y Sucumb\u00edos.<\/p>\n<p>Para esta interconexi\u00f3n energ\u00e9tica fue necesario realizar un corte de aproximadamente once horas, que dej\u00f3 sin el servicio de energ\u00eda a varios cantones de Orellana y Sucumb\u00edos<\/p>\n<h4>\u201cCon esta interconexi\u00f3n se reducir\u00e1n los cortes de energ\u00eda que se presentaban en la zona, empezamos a sentir los beneficios de este gran proyecto energ\u00e9tico del Coca Codo Sinclair\u201d dijo el Ing. Pablo Ota\u00f1ez Administrador de CNEL Sucumb\u00edos.<\/h4>\n<p>Las provincias amaz\u00f3nicas de Orellana y Sucumb\u00edos se abastec\u00edan de energ\u00eda que proven\u00eda de la central Agoyan y por generaci\u00f3n termom\u00e9trica instalada\u00a0 en la zona, esto hacia que el servicio tenga constantes dificultades de apagones y baja potencia.<\/p>\n<p>El Ing. Edwin Morales Jefe del \u00e1rea de distribuci\u00f3n de CNEL Sucumb\u00edos, se\u00f1al\u00f3 que la demanda actual de energ\u00eda que tienen los usuarios de Orellana y Sucumb\u00edos, es de 65 megas, con la interconexi\u00f3n al Coca Codo Sinclair ingresan 167 megas, capacidad suficiente para cubrir la demanda existente y alcanza para distribuir energ\u00eda a las compa\u00f1\u00edas petroleras que ten\u00eda generaci\u00f3n propia.<\/p>\n<p>\u201cPrevemos con esto cubrir nuestra demanda y el crecimiento a futuro, y tambi\u00e9n el inter\u00e9s de las compa\u00f1\u00eda petroleras, esperamos mejorar la confiabilidad y calidad del servicio\u201d se\u00f1al\u00f3 Morales.<\/p>\n<p>Eugenio G\u00f3mez jefe fiscalizador de la subestaci\u00f3n \u201cJivino Verde\u201d, se\u00f1al\u00f3 que la energ\u00eda del Coca Codo Sinclair llega por dos l\u00edneas de subtransmici\u00f3n de 230 kilo voltios y es transformada a potencia \u00f3ptima para la distribuci\u00f3n a los usuarios de Orellana y sucumb\u00edos<\/p>\n","protected":false},"excerpt":{"rendered":"<p>Luego de diez meses de haberse inaugurado la central hidroel\u00e9ctrica Coca Codo Sinclair, (18 de noviembre 2016) las provincias de Orellana y Sucumb\u00edos reciben las primeras megas de energ\u00eda que genera esta central hidroel\u00e9ctrica<\/p>\n","protected":false},"author":1,"featured_media":848,"comment_status":"open","ping_status":"closed","sticky":false,"template":"","format":"standard","meta":{"footnotes":""},"categories":[3,6,5],"tags":[49],"class_list":["post-847","post","type-post","status-publish","format-standard","has-post-thumbnail","hentry","category-noticias","category-orellana","category-sucumbios","tag-coca-codo-sinclair"],"_links":{"self":[{"href":"https:\/\/radiosucumbios.org.ec\/index.php?rest_route=\/wp\/v2\/posts\/847","targetHints":{"allow":["GET"]}}],"collection":[{"href":"https:\/\/radiosucumbios.org.ec\/index.php?rest_route=\/wp\/v2\/posts"}],"about":[{"href":"https:\/\/radiosucumbios.org.ec\/index.php?rest_route=\/wp\/v2\/types\/post"}],"author":[{"embeddable":true,"href":"https:\/\/radiosucumbios.org.ec\/index.php?rest_route=\/wp\/v2\/users\/1"}],"replies":[{"embeddable":true,"href":"https:\/\/radiosucumbios.org.ec\/index.php?rest_route=%2Fwp%2Fv2%2Fcomments&post=847"}],"version-history":[{"count":2,"href":"https:\/\/radiosucumbios.org.ec\/index.php?rest_route=\/wp\/v2\/posts\/847\/revisions"}],"predecessor-version":[{"id":854,"href":"https:\/\/radiosucumbios.org.ec\/index.php?rest_route=\/wp\/v2\/posts\/847\/revisions\/854"}],"wp:featuredmedia":[{"embeddable":true,"href":"https:\/\/radiosucumbios.org.ec\/index.php?rest_route=\/wp\/v2\/media\/848"}],"wp:attachment":[{"href":"https:\/\/radiosucumbios.org.ec\/index.php?rest_route=%2Fwp%2Fv2%2Fmedia&parent=847"}],"wp:term":[{"taxonomy":"category","embeddable":true,"href":"https:\/\/radiosucumbios.org.ec\/index.php?rest_route=%2Fwp%2Fv2%2Fcategories&post=847"},{"taxonomy":"post_tag","embeddable":true,"href":"https:\/\/radiosucumbios.org.ec\/index.php?rest_route=%2Fwp%2Fv2%2Ftags&post=847"}],"curies":[{"name":"wp","href":"https:\/\/api.w.org\/{rel}","templated":true}]}}