{"id":866,"date":"2017-09-06T12:46:14","date_gmt":"2017-09-06T12:46:14","guid":{"rendered":"https:\/\/radiosucumbios.org.ec\/?p=866"},"modified":"2017-09-06T12:56:55","modified_gmt":"2017-09-06T12:56:55","slug":"kitescolares","status":"publish","type":"post","link":"https:\/\/radiosucumbios.org.ec\/?p=866","title":{"rendered":"Kits escolares y mochilas se entregaron a 500 ni\u00f1os y ni\u00f1as"},"content":{"rendered":"<h3>Al iniciar el a\u00f1o lectivo 2017-2018, cerca de 500 ni\u00f1os y ni\u00f1as de escasos recursos econ\u00f3micos de varias comunidades de la provincia de Sucumb\u00edos, recibieron kits escolares y mochilas<\/h3>\n<p><!--more--><\/p>\n<p>Con la finalidad que esta ayuda escolar llegue a los que m\u00e1s necesitan, los beneficiarios, fueron seleccionados por las y los directores de cada establecimiento educativo y en algunos casos por las autoridades locales parroquiales.<\/p>\n<p>&nbsp;<\/p>\n<p>Don Pablo Andi, vino desde la comunidad ATARI, perteneciente a la parroquia El Eno del cant\u00f3n Lago Agrio, se\u00f1al\u00f3 que vino acompa\u00f1ando a 4 ni\u00f1os del sector y es la primera vez que recibe esta ayuda para uno de sus familiares y espera que la mochila dure todo el a\u00f1o lectivo.<\/p>\n<p>&nbsp;<\/p>\n<p>La se\u00f1ora Ruth Grefa, lleg\u00f3 desde la comuna Chuscuyacu, parroquia Gonzalo Pizarro, cant\u00f3n del mismo nombre, se\u00f1al\u00f3 que es una buena ayuda ya que no dispones de recursos econ\u00f3micos para solventar esos gastos.<\/p>\n<p>&nbsp;<\/p>\n<p>El se\u00f1or Gonzalo Correa, vocal de Gobierno Parroquial Santa Rosa de Sucumb\u00edos, explic\u00f3 que esta ayuda que est\u00e1n realizando, es con los recursos econ\u00f3micos presupuestados para este fin, en este a\u00f1o 15 ni\u00f1os de la parroquia fueron beneficiados.<\/p>\n<p>&nbsp;<\/p>\n<p>Por su parte la se\u00f1ora Olga Chango, presidenta de Sucumb\u00edos Solidario, indic\u00f3 que los kits escolares, constan de aproximadamente 20 implementos b\u00e1sicos para las y los ni\u00f1os, m\u00e1s una mochila y auguro \u00e9xitos a los beneficiarios.<\/p>\n","protected":false},"excerpt":{"rendered":"<p>Al iniciar el a\u00f1o lectivo 2017-2018, cerca de 500 ni\u00f1os y ni\u00f1as de escasos recursos econ\u00f3micos de varias comunidades de la provincia de Sucumb\u00edos, recibieron kits escolares y mochilas<\/p>\n","protected":false},"author":1,"featured_media":867,"comment_status":"open","ping_status":"closed","sticky":false,"template":"","format":"standard","meta":{"footnotes":""},"categories":[3,5],"tags":[52],"class_list":["post-866","post","type-post","status-publish","format-standard","has-post-thumbnail","hentry","category-noticias","category-sucumbios","tag-kits-escolares-y-mochilas"],"_links":{"self":[{"href":"https:\/\/radiosucumbios.org.ec\/index.php?rest_route=\/wp\/v2\/posts\/866","targetHints":{"allow":["GET"]}}],"collection":[{"href":"https:\/\/radiosucumbios.org.ec\/index.php?rest_route=\/wp\/v2\/posts"}],"about":[{"href":"https:\/\/radiosucumbios.org.ec\/index.php?rest_route=\/wp\/v2\/types\/post"}],"author":[{"embeddable":true,"href":"https:\/\/radiosucumbios.org.ec\/index.php?rest_route=\/wp\/v2\/users\/1"}],"replies":[{"embeddable":true,"href":"https:\/\/radiosucumbios.org.ec\/index.php?rest_route=%2Fwp%2Fv2%2Fcomments&post=866"}],"version-history":[{"count":1,"href":"https:\/\/radiosucumbios.org.ec\/index.php?rest_route=\/wp\/v2\/posts\/866\/revisions"}],"predecessor-version":[{"id":868,"href":"https:\/\/radiosucumbios.org.ec\/index.php?rest_route=\/wp\/v2\/posts\/866\/revisions\/868"}],"wp:featuredmedia":[{"embeddable":true,"href":"https:\/\/radiosucumbios.org.ec\/index.php?rest_route=\/wp\/v2\/media\/867"}],"wp:attachment":[{"href":"https:\/\/radiosucumbios.org.ec\/index.php?rest_route=%2Fwp%2Fv2%2Fmedia&parent=866"}],"wp:term":[{"taxonomy":"category","embeddable":true,"href":"https:\/\/radiosucumbios.org.ec\/index.php?rest_route=%2Fwp%2Fv2%2Fcategories&post=866"},{"taxonomy":"post_tag","embeddable":true,"href":"https:\/\/radiosucumbios.org.ec\/index.php?rest_route=%2Fwp%2Fv2%2Ftags&post=866"}],"curies":[{"name":"wp","href":"https:\/\/api.w.org\/{rel}","templated":true}]}}