{"id":876,"date":"2017-09-06T18:40:08","date_gmt":"2017-09-06T18:40:08","guid":{"rendered":"https:\/\/radiosucumbios.org.ec\/?p=876"},"modified":"2017-09-06T18:40:08","modified_gmt":"2017-09-06T18:40:08","slug":"falta-respeto-e-invasion-la-frecuencia-105-3-fm","status":"publish","type":"post","link":"https:\/\/radiosucumbios.org.ec\/?p=876","title":{"rendered":"Falta de respeto e invasi\u00f3n a la frecuencia 105.3 fm"},"content":{"rendered":"<h4>Durante una hora la frecuencia 105.3 FM fue invadida. La interrupci\u00f3n de la programaci\u00f3n de Radio Sucumb\u00edos se produjo desde las 12h23 hasta las 13:17 horas de hoy 6 de septiembre.<\/h4>\n<p><!--more--><\/p>\n<p>A las 12h23 nuestro equipo receptor registr\u00f3 54 dB en 105.3 FM, producto un equipo de transmisi\u00f3n local calibrado en la misma frecuencia de Radio Sucumb\u00edos.<\/p>\n<div class=\"text_exposed_show\">\n<p>La emisora con raz\u00f3n social MONTALVO aparentemente de propiedad del Sr. Hugo Moreno invadi\u00f3 la frecuencia de enlace lo cual afecta a la frecuencia 105.3 FM concesionado al Vicariato Apost\u00f3lico de San Miguel de Sucumb\u00edos.<\/p>\n<h4>Nos hemos puesto en conocimiento de esta falta de respeto a ARCOTEL para que tome acciones correspondientes, que seg\u00fan t\u00e9cnicos de la emisi\u00f3n a prueba que se escuch\u00f3 durante una hora, es normal afectando as\u00ed a Radio Sucumb\u00edos.<\/h4>\n<p>Exigimos respeto por este incidente.<\/p>\n<\/div>\n","protected":false},"excerpt":{"rendered":"<p>Durante una hora la frecuencia 105.3 FM fue invadida. La interrupci\u00f3n de la programaci\u00f3n de Radio Sucumb\u00edos se produjo desde las 12h23 hasta las 13:17 horas de hoy 6 de septiembre.<\/p>\n","protected":false},"author":1,"featured_media":877,"comment_status":"open","ping_status":"closed","sticky":false,"template":"","format":"standard","meta":{"footnotes":""},"categories":[3,6,5],"tags":[],"class_list":["post-876","post","type-post","status-publish","format-standard","has-post-thumbnail","hentry","category-noticias","category-orellana","category-sucumbios"],"_links":{"self":[{"href":"https:\/\/radiosucumbios.org.ec\/index.php?rest_route=\/wp\/v2\/posts\/876","targetHints":{"allow":["GET"]}}],"collection":[{"href":"https:\/\/radiosucumbios.org.ec\/index.php?rest_route=\/wp\/v2\/posts"}],"about":[{"href":"https:\/\/radiosucumbios.org.ec\/index.php?rest_route=\/wp\/v2\/types\/post"}],"author":[{"embeddable":true,"href":"https:\/\/radiosucumbios.org.ec\/index.php?rest_route=\/wp\/v2\/users\/1"}],"replies":[{"embeddable":true,"href":"https:\/\/radiosucumbios.org.ec\/index.php?rest_route=%2Fwp%2Fv2%2Fcomments&post=876"}],"version-history":[{"count":1,"href":"https:\/\/radiosucumbios.org.ec\/index.php?rest_route=\/wp\/v2\/posts\/876\/revisions"}],"predecessor-version":[{"id":878,"href":"https:\/\/radiosucumbios.org.ec\/index.php?rest_route=\/wp\/v2\/posts\/876\/revisions\/878"}],"wp:featuredmedia":[{"embeddable":true,"href":"https:\/\/radiosucumbios.org.ec\/index.php?rest_route=\/wp\/v2\/media\/877"}],"wp:attachment":[{"href":"https:\/\/radiosucumbios.org.ec\/index.php?rest_route=%2Fwp%2Fv2%2Fmedia&parent=876"}],"wp:term":[{"taxonomy":"category","embeddable":true,"href":"https:\/\/radiosucumbios.org.ec\/index.php?rest_route=%2Fwp%2Fv2%2Fcategories&post=876"},{"taxonomy":"post_tag","embeddable":true,"href":"https:\/\/radiosucumbios.org.ec\/index.php?rest_route=%2Fwp%2Fv2%2Ftags&post=876"}],"curies":[{"name":"wp","href":"https:\/\/api.w.org\/{rel}","templated":true}]}}