{"id":904,"date":"2017-09-19T22:51:37","date_gmt":"2017-09-19T22:51:37","guid":{"rendered":"https:\/\/radiosucumbios.org.ec\/?p=904"},"modified":"2017-09-19T22:58:50","modified_gmt":"2017-09-19T22:58:50","slug":"comunidad-ai-cofan-sinangoe-propone-propio-reglamento-cuidado-territorio-ancestral","status":"publish","type":"post","link":"https:\/\/radiosucumbios.org.ec\/?p=904","title":{"rendered":"Comunidad  Ai Cofan  de Sinangoe propone su propio reglamento para cuidado de territorio ancestral"},"content":{"rendered":"<p>Habitantes de la comunidad Ai Cofan de Sinangoe, ubicado en la parroquia Puerto Libre cant\u00f3n Gonzalo Pizarro, se reunieron con las autoridades de la provincia de Sucumb\u00edos, con la finalidad de dar a conocer la construcci\u00f3n de su propio reglamento para el cuidado de del territorio ancestral donde habitan.<!--more--><\/p>\n<p><iframe id='audio_20972770' frameborder='0' allowfullscreen='' scrolling='no' height='200' style='border:1px solid #EEE; box-sizing:border-box; width:100%;' src=\"https:\/\/mx.ivoox.com\/es\/player_ej_20972770_4_1.html?c1=ff6600\"><\/iframe><\/p>\n<p>Autoridades del Ministerio del Ambiente, alcalde de Gonzalo Pizarro, presidente GAD parroquial Puerto Libre, del Ministerio de Minas, Defensor\u00eda del Pueblo, Ministerio de Patrimonio Natural entre otras autoridades, escucharon las ponencias porque quieren su propio reglamento.<\/p>\n<p>Las causas serian por la pesca que no utilizan m\u00e9todos convencionales en sus r\u00edos, presencia de miner\u00eda artesanal, explotaci\u00f3n de madera, entre otras causas, siendo estas amenazantes para su territorio a mas que ya hist\u00f3ricamente por la colonizaci\u00f3n fueron divididos, se\u00f1al\u00f3 Mario Criollo, presidente de la comuna Ai Cofan de Sinangoe.<\/p>\n<p>En vista que en las direcciones provinciales no dieron respuestas claras o si lo dieron fueron informes no reales ya que no entienden la diferencia entre un parque Nacional y un territorio ancestral, acudimos a los ministerios correspondientes en la ciudad de Quito, indic\u00f3 Alis Lucitante dirigente de la comuna Cofan.<\/p>\n<p>Adem\u00e1s el dirigente Cofan, manifest\u00f3 su descontento, por la presencia de algunos delegados de autoridades invitadas, realizadas hace m\u00e1s de un mes a esta reuni\u00f3n importante para socializar la problem\u00e1tica que est\u00e1 afectando al territorio.<\/p>\n<p>&nbsp;<\/p>\n<h4>Para la elaboraci\u00f3n del reglamento o Ley propia, se basaron en algunas normas vigentes que garantizan los derechos de los pueblos ancestrales como tal, haciendo uso adecuado y protegiendo la riqueza natural, lo interpretaron Alis y Alexandra Narv\u00e1ez.<\/h4>\n<p>La abogada Mar\u00eda Espinoza, defensora de derechos, indic\u00f3 que la consecuci\u00f3n de Parque Nacional, se habr\u00eda hecho de manera inconsulta desde el Ministerio del Ambiente, por lo que requiere su reparaci\u00f3n para la tranquilidad del pueblo Cofan.<\/p>\n<p>El representante del Ministerio de Ambiente, se\u00f1al\u00f3 que en el pa\u00eds existen problemas similares, pero adjudicas en a\u00f1os anteriores como en el caso del territorio de Sinangoe que fue promulgada como reserva desde el a\u00f1o 1970.<\/p>\n<p>Finalmente la comunidad Cofan de Sinangoe, exige a las autoridades se haga una inspecci\u00f3n en de los sitios afectados, para lo cual se requiere m\u00ednimo de siete d\u00edas.<\/p>\n","protected":false},"excerpt":{"rendered":"<p>Habitantes de la comunidad Ai Cofan de Sinangoe, ubicado en la parroquia Puerto Libre cant\u00f3n Gonzalo Pizarro, se reunieron con las autoridades de la provincia de Sucumb\u00edos, con la finalidad de dar a conocer la construcci\u00f3n de su propio reglamento para el cuidado de del territorio ancestral donde habitan.<\/p>\n","protected":false},"author":1,"featured_media":905,"comment_status":"open","ping_status":"closed","sticky":false,"template":"","format":"standard","meta":{"footnotes":""},"categories":[10,3,5],"tags":[],"class_list":["post-904","post","type-post","status-publish","format-standard","has-post-thumbnail","hentry","category-interculturalidad","category-noticias","category-sucumbios"],"_links":{"self":[{"href":"https:\/\/radiosucumbios.org.ec\/index.php?rest_route=\/wp\/v2\/posts\/904","targetHints":{"allow":["GET"]}}],"collection":[{"href":"https:\/\/radiosucumbios.org.ec\/index.php?rest_route=\/wp\/v2\/posts"}],"about":[{"href":"https:\/\/radiosucumbios.org.ec\/index.php?rest_route=\/wp\/v2\/types\/post"}],"author":[{"embeddable":true,"href":"https:\/\/radiosucumbios.org.ec\/index.php?rest_route=\/wp\/v2\/users\/1"}],"replies":[{"embeddable":true,"href":"https:\/\/radiosucumbios.org.ec\/index.php?rest_route=%2Fwp%2Fv2%2Fcomments&post=904"}],"version-history":[{"count":1,"href":"https:\/\/radiosucumbios.org.ec\/index.php?rest_route=\/wp\/v2\/posts\/904\/revisions"}],"predecessor-version":[{"id":906,"href":"https:\/\/radiosucumbios.org.ec\/index.php?rest_route=\/wp\/v2\/posts\/904\/revisions\/906"}],"wp:featuredmedia":[{"embeddable":true,"href":"https:\/\/radiosucumbios.org.ec\/index.php?rest_route=\/wp\/v2\/media\/905"}],"wp:attachment":[{"href":"https:\/\/radiosucumbios.org.ec\/index.php?rest_route=%2Fwp%2Fv2%2Fmedia&parent=904"}],"wp:term":[{"taxonomy":"category","embeddable":true,"href":"https:\/\/radiosucumbios.org.ec\/index.php?rest_route=%2Fwp%2Fv2%2Fcategories&post=904"},{"taxonomy":"post_tag","embeddable":true,"href":"https:\/\/radiosucumbios.org.ec\/index.php?rest_route=%2Fwp%2Fv2%2Ftags&post=904"}],"curies":[{"name":"wp","href":"https:\/\/api.w.org\/{rel}","templated":true}]}}