{"id":954,"date":"2017-09-26T18:04:02","date_gmt":"2017-09-26T18:04:02","guid":{"rendered":"https:\/\/radiosucumbios.org.ec\/?p=954"},"modified":"2017-09-26T18:04:02","modified_gmt":"2017-09-26T18:04:02","slug":"padres-familia-piden-la-educacion-semipresencial-reciba-estudiantes-menores-15-anos","status":"publish","type":"post","link":"https:\/\/radiosucumbios.org.ec\/?p=954","title":{"rendered":"Padres de familia piden\u00a0 que la educaci\u00f3n semipresencial reciba a estudiantes menores de 15 a\u00f1os"},"content":{"rendered":"<p>Una comisi\u00f3n de padres de familia de las comunidades de la frontera en la\u00a0 provincia de Sucumb\u00edos, se reunieron con autoridades educativas con la finalidad se retomen el ingreso de estudiantes menores de 15 a\u00f1os a la educaci\u00f3n a distancia.<\/p>\n<p><!--more--><\/p>\n<p>Desde aproximadamente 4 a\u00f1os, el Ministerio de Educaci\u00f3n regul\u00f3 las edades en los planteles educativos a distancia; en la provincia de sucumb\u00edos se cerraron varias extensiones que brindaba la oportunidad a las y los j\u00f3venes de continuar con sus estudios.<\/p>\n<h4>Ubilson Guayanay, padre de familia de la Unidad Educativa a Distancia Juan Jim\u00e9nez, indica que por encima de la ley han vulnerado el derecho a prepararse, tal como dice la constituci\u00f3n de una educaci\u00f3n de gratuita y para todos.<\/h4>\n<p>Jos\u00e9 Lalangui, del recinto Salinas, record\u00f3 que el a\u00f1o anterior su hija no pudo ingresar a estudiar a distancia y tuvo que quedarse en casa, en el sector no existen establecimientos educativos regulares por lo que es una opci\u00f3n para que sus hijos estudien a distancia.<\/p>\n<p>Don Plutarco Riquero, del recinto Sozoranga, manifiesta que le preocupa que sus hijos ya van a cumplir 15 a\u00f1os y no han podido estudiar en nivel b\u00e1sico, la falta de transporte y la situaci\u00f3n econ\u00f3mica no ha podido enviarles a la ciudad.<\/p>\n","protected":false},"excerpt":{"rendered":"<p>Una comisi\u00f3n de padres de familia de las comunidades de la frontera en la\u00a0 provincia de Sucumb\u00edos, se reunieron con autoridades educativas con la finalidad se retomen el ingreso de estudiantes menores de 15 a\u00f1os a la educaci\u00f3n a distancia.<\/p>\n","protected":false},"author":1,"featured_media":955,"comment_status":"open","ping_status":"closed","sticky":false,"template":"","format":"standard","meta":{"footnotes":""},"categories":[3,5],"tags":[],"class_list":["post-954","post","type-post","status-publish","format-standard","has-post-thumbnail","hentry","category-noticias","category-sucumbios"],"_links":{"self":[{"href":"https:\/\/radiosucumbios.org.ec\/index.php?rest_route=\/wp\/v2\/posts\/954","targetHints":{"allow":["GET"]}}],"collection":[{"href":"https:\/\/radiosucumbios.org.ec\/index.php?rest_route=\/wp\/v2\/posts"}],"about":[{"href":"https:\/\/radiosucumbios.org.ec\/index.php?rest_route=\/wp\/v2\/types\/post"}],"author":[{"embeddable":true,"href":"https:\/\/radiosucumbios.org.ec\/index.php?rest_route=\/wp\/v2\/users\/1"}],"replies":[{"embeddable":true,"href":"https:\/\/radiosucumbios.org.ec\/index.php?rest_route=%2Fwp%2Fv2%2Fcomments&post=954"}],"version-history":[{"count":1,"href":"https:\/\/radiosucumbios.org.ec\/index.php?rest_route=\/wp\/v2\/posts\/954\/revisions"}],"predecessor-version":[{"id":956,"href":"https:\/\/radiosucumbios.org.ec\/index.php?rest_route=\/wp\/v2\/posts\/954\/revisions\/956"}],"wp:featuredmedia":[{"embeddable":true,"href":"https:\/\/radiosucumbios.org.ec\/index.php?rest_route=\/wp\/v2\/media\/955"}],"wp:attachment":[{"href":"https:\/\/radiosucumbios.org.ec\/index.php?rest_route=%2Fwp%2Fv2%2Fmedia&parent=954"}],"wp:term":[{"taxonomy":"category","embeddable":true,"href":"https:\/\/radiosucumbios.org.ec\/index.php?rest_route=%2Fwp%2Fv2%2Fcategories&post=954"},{"taxonomy":"post_tag","embeddable":true,"href":"https:\/\/radiosucumbios.org.ec\/index.php?rest_route=%2Fwp%2Fv2%2Ftags&post=954"}],"curies":[{"name":"wp","href":"https:\/\/api.w.org\/{rel}","templated":true}]}}